{"id":117384,"date":"2026-08-31T11:39:18","date_gmt":"2026-08-31T14:39:18","guid":{"rendered":"https:\/\/www.todoeldia.com\/?p=117384"},"modified":"2026-08-31T11:39:18","modified_gmt":"2026-08-31T14:39:18","slug":"rosario-de-la-frontera-celebro-a-los-mas-chicos-con-una-tarde-de-juegos-musica-y-alegria","status":"publish","type":"post","link":"https:\/\/www.todoeldia.com\/index.php\/2026\/08\/31\/rosario-de-la-frontera-celebro-a-los-mas-chicos-con-una-tarde-de-juegos-musica-y-alegria\/","title":{"rendered":"Rosario de la Frontera celebr\u00f3 a los m\u00e1s chicos con una tarde de juegos, m\u00fasica y alegr\u00eda"},"content":{"rendered":"\n<p class=\"wp-block-paragraph\">El Complejo Municipal se convirti\u00f3 este domingo en el escenario de una multitudinaria celebraci\u00f3n por el D\u00eda del Ni\u00f1o, con familias que compartieron una jornada cargada de actividades, regalos y espect\u00e1culos. Carlitos Meli\u00e1n y artistas locales le pusieron m\u00fasica y color al festejo.<\/p>\n\n\n\n<p class=\"wp-block-paragraph\">Desde las 16, el Complejo Municipal de Rosario de la Frontera comenz\u00f3 a recibir a numerosas familias que se acercaron para disfrutar de una propuesta pensada especialmente para los m\u00e1s chicos. La celebraci\u00f3n combin\u00f3 entretenimiento, m\u00fasica y actividades recreativas en un clima de encuentro comunitario.<\/p>\n\n\n\n<figure class=\"wp-block-image size-full\"><img loading=\"lazy\" decoding=\"async\" width=\"991\" height=\"540\" src=\"https:\/\/www.todoeldia.com\/wp-content\/uploads\/2026\/08\/image-211.png\" alt=\"\" class=\"wp-image-117386\" srcset=\"https:\/\/www.todoeldia.com\/wp-content\/uploads\/2026\/08\/image-211.png 991w, https:\/\/www.todoeldia.com\/wp-content\/uploads\/2026\/08\/image-211-300x163.png 300w, https:\/\/www.todoeldia.com\/wp-content\/uploads\/2026\/08\/image-211-767x418.png 767w, https:\/\/www.todoeldia.com\/wp-content\/uploads\/2026\/08\/image-211-299x163.png 299w, https:\/\/www.todoeldia.com\/wp-content\/uploads\/2026\/08\/image-211-323x176.png 323w, https:\/\/www.todoeldia.com\/wp-content\/uploads\/2026\/08\/image-211-695x379.png 695w\" sizes=\"auto, (max-width: 991px) 100vw, 991px\" \/><\/figure>\n\n\n\n<p class=\"wp-block-paragraph\">La jornada ofreci\u00f3 juegos, regalos y diferentes propuestas recreativas, destinadas a que los ni\u00f1os pudieran disfrutar junto a sus padres y familiares de una tarde diferente.<\/p>\n\n\n\n<p class=\"wp-block-paragraph\">Uno de los momentos m\u00e1s esperados lleg\u00f3 con la participaci\u00f3n del reconocido artista infantil Carlitos Meli\u00e1n, quien sum\u00f3 su espect\u00e1culo a una celebraci\u00f3n que tuvo a los chicos como protagonistas.<\/p>\n\n\n\n<p class=\"wp-block-paragraph\">El escenario tambi\u00e9n cont\u00f3 con la presencia de artistas locales y representantes del taller cultural de la ciudad, que aportaron sus propuestas y acompa\u00f1aron el desarrollo de una jornada marcada por la participaci\u00f3n de la comunidad.<\/p>\n\n\n\n<p class=\"wp-block-paragraph\">Desde el municipio destacaron especialmente el acompa\u00f1amiento de las familias y el trabajo desplegado por los equipos encargados de organizar el festejo.<\/p>\n\n\n\n<p class=\"wp-block-paragraph\">As\u00ed, Rosario de la Frontera volvi\u00f3 a convertir un espacio p\u00fablico en un punto de encuentro para la comunidad, con una celebraci\u00f3n que puso en primer plano la infancia, la familia y el derecho de los chicos a disfrutar de una jornada de recreaci\u00f3n y alegr\u00eda.<\/p>\n","protected":false},"excerpt":{"rendered":"<p>El Complejo Municipal se convirti\u00f3 este domingo en el escenario de una multitudinaria celebraci\u00f3n por el D\u00eda del Ni\u00f1o, con familias que compartieron una jornada cargada de actividades, regalos y espect\u00e1culos. Carlitos Meli\u00e1n y artistas locales le pusieron m\u00fasica y color al festejo. Desde las 16, el Complejo Municipal de Rosario de la Frontera comenz\u00f3 [&hellip;]<\/p>\n","protected":false},"author":2,"featured_media":117385,"comment_status":"closed","ping_status":"closed","sticky":false,"template":"","format":"standard","meta":{"_joinchat":[],"footnotes":""},"categories":[73],"tags":[],"class_list":["post-117384","post","type-post","status-publish","format-standard","has-post-thumbnail","category-noticias-general"],"amp_enabled":true,"_links":{"self":[{"href":"https:\/\/www.todoeldia.com\/index.php\/wp-json\/wp\/v2\/posts\/117384","targetHints":{"allow":["GET"]}}],"collection":[{"href":"https:\/\/www.todoeldia.com\/index.php\/wp-json\/wp\/v2\/posts"}],"about":[{"href":"https:\/\/www.todoeldia.com\/index.php\/wp-json\/wp\/v2\/types\/post"}],"author":[{"embeddable":true,"href":"https:\/\/www.todoeldia.com\/index.php\/wp-json\/wp\/v2\/users\/2"}],"replies":[{"embeddable":true,"href":"https:\/\/www.todoeldia.com\/index.php\/wp-json\/wp\/v2\/comments?post=117384"}],"version-history":[{"count":1,"href":"https:\/\/www.todoeldia.com\/index.php\/wp-json\/wp\/v2\/posts\/117384\/revisions"}],"predecessor-version":[{"id":117388,"href":"https:\/\/www.todoeldia.com\/index.php\/wp-json\/wp\/v2\/posts\/117384\/revisions\/117388"}],"wp:featuredmedia":[{"embeddable":true,"href":"https:\/\/www.todoeldia.com\/index.php\/wp-json\/wp\/v2\/media\/117385"}],"wp:attachment":[{"href":"https:\/\/www.todoeldia.com\/index.php\/wp-json\/wp\/v2\/media?parent=117384"}],"wp:term":[{"taxonomy":"category","embeddable":true,"href":"https:\/\/www.todoeldia.com\/index.php\/wp-json\/wp\/v2\/categories?post=117384"},{"taxonomy":"post_tag","embeddable":true,"href":"https:\/\/www.todoeldia.com\/index.php\/wp-json\/wp\/v2\/tags?post=117384"}],"curies":[{"name":"wp","href":"https:\/\/api.w.org\/{rel}","templated":true}]}}