{"id":117397,"date":"2026-08-31T11:52:54","date_gmt":"2026-08-31T14:52:54","guid":{"rendered":"https:\/\/www.todoeldia.com\/?p=117397"},"modified":"2026-08-31T11:52:55","modified_gmt":"2026-08-31T14:52:55","slug":"entro-con-un-cuchillo-robo-413-000-y-termino-detenido-tras-una-desesperada-fuga-en-metan","status":"publish","type":"post","link":"https:\/\/www.todoeldia.com\/index.php\/2026\/08\/31\/entro-con-un-cuchillo-robo-413-000-y-termino-detenido-tras-una-desesperada-fuga-en-metan\/","title":{"rendered":"Entr\u00f3 con un cuchillo, rob\u00f3 $413.000 y termin\u00f3 detenido tras una desesperada fuga en Met\u00e1n"},"content":{"rendered":"\n<p class=\"wp-block-paragraph\">Un hombre de 26 a\u00f1os fue detenido durante la tarde de ayer luego de protagonizar un violento asalto en un comercio ubicado en la esquina de Santa Fe y 9 de Julio.<\/p>\n\n\n\n<p class=\"wp-block-paragraph\">El hecho ocurri\u00f3 alrededor de las 15.30, cuando el sospechoso ingres\u00f3 al local \u201cComo ca\u00eddo del cielo\u201d y, armado con un cuchillo, amenaz\u00f3 a los dos empleados que se encontraban atendiendo.<\/p>\n\n\n\n<p class=\"wp-block-paragraph\">Bajo amenazas, el delincuente se apoder\u00f3 de $413.000 que se encontraban en la caja registradora y r\u00e1pidamente intent\u00f3 escapar del lugar.<\/p>\n\n\n\n<p class=\"wp-block-paragraph\">Sin embargo, los empleados reaccionaron y lograron cerrarle la puerta desde el exterior, intentando impedir que concretara la fuga. Lejos de desistir, el acusado habr\u00eda utilizado la fuerza para romper uno de los vidrios y conseguir una salida.<\/p>\n\n\n\n<p class=\"wp-block-paragraph\">La situaci\u00f3n gener\u00f3 alarma entre quienes se encontraban en los alrededores. Vecinos y personas que estaban en un comercio ubicado frente al lugar se sumaron para colaborar y sostener la puerta, mientras el sospechoso buscaba la manera de escapar.<\/p>\n\n\n\n<p class=\"wp-block-paragraph\">En medio de la tensi\u00f3n, lleg\u00f3 personal policial y logr\u00f3 interceptarlo a pocos metros del comercio, justo cuando intentaba darse a la fuga a bordo de una motocicleta.<\/p>\n\n\n\n<p class=\"wp-block-paragraph\">Los investigadores advirtieron adem\u00e1s que el rodado llevaba una bolsa colocada sobre la patente, presuntamente con la intenci\u00f3n de dificultar su identificaci\u00f3n y evitar que el veh\u00edculo pudiera ser individualizado.<\/p>\n\n\n\n<p class=\"wp-block-paragraph\">Finalmente, el hombre fue reducido y detenido. El dinero sustra\u00eddo, el arma utilizada durante el asalto y la motocicleta quedaron incorporados al procedimiento, mientras se avanzaba con las actuaciones judiciales correspondientes.<\/p>\n\n\n\n<p class=\"wp-block-paragraph\">El episodio qued\u00f3 bajo investigaci\u00f3n para determinar las circunstancias precisas del robo y la eventual responsabilidad del detenido en el hecho.<\/p>\n","protected":false},"excerpt":{"rendered":"<p>Un hombre de 26 a\u00f1os fue detenido durante la tarde de ayer luego de protagonizar un violento asalto en un comercio ubicado en la esquina de Santa Fe y 9 de Julio. El hecho ocurri\u00f3 alrededor de las 15.30, cuando el sospechoso ingres\u00f3 al local \u201cComo ca\u00eddo del cielo\u201d y, armado con un cuchillo, amenaz\u00f3 [&hellip;]<\/p>\n","protected":false},"author":2,"featured_media":117399,"comment_status":"closed","ping_status":"closed","sticky":false,"template":"","format":"standard","meta":{"_joinchat":[],"footnotes":""},"categories":[63],"tags":[],"class_list":["post-117397","post","type-post","status-publish","format-standard","has-post-thumbnail","category-policiales"],"amp_enabled":true,"_links":{"self":[{"href":"https:\/\/www.todoeldia.com\/index.php\/wp-json\/wp\/v2\/posts\/117397","targetHints":{"allow":["GET"]}}],"collection":[{"href":"https:\/\/www.todoeldia.com\/index.php\/wp-json\/wp\/v2\/posts"}],"about":[{"href":"https:\/\/www.todoeldia.com\/index.php\/wp-json\/wp\/v2\/types\/post"}],"author":[{"embeddable":true,"href":"https:\/\/www.todoeldia.com\/index.php\/wp-json\/wp\/v2\/users\/2"}],"replies":[{"embeddable":true,"href":"https:\/\/www.todoeldia.com\/index.php\/wp-json\/wp\/v2\/comments?post=117397"}],"version-history":[{"count":1,"href":"https:\/\/www.todoeldia.com\/index.php\/wp-json\/wp\/v2\/posts\/117397\/revisions"}],"predecessor-version":[{"id":117400,"href":"https:\/\/www.todoeldia.com\/index.php\/wp-json\/wp\/v2\/posts\/117397\/revisions\/117400"}],"wp:featuredmedia":[{"embeddable":true,"href":"https:\/\/www.todoeldia.com\/index.php\/wp-json\/wp\/v2\/media\/117399"}],"wp:attachment":[{"href":"https:\/\/www.todoeldia.com\/index.php\/wp-json\/wp\/v2\/media?parent=117397"}],"wp:term":[{"taxonomy":"category","embeddable":true,"href":"https:\/\/www.todoeldia.com\/index.php\/wp-json\/wp\/v2\/categories?post=117397"},{"taxonomy":"post_tag","embeddable":true,"href":"https:\/\/www.todoeldia.com\/index.php\/wp-json\/wp\/v2\/tags?post=117397"}],"curies":[{"name":"wp","href":"https:\/\/api.w.org\/{rel}","templated":true}]}}