{"id":117431,"date":"2026-08-31T13:46:21","date_gmt":"2026-08-31T16:46:21","guid":{"rendered":"https:\/\/www.todoeldia.com\/?p=117431"},"modified":"2026-08-31T13:49:31","modified_gmt":"2026-08-31T16:49:31","slug":"escandalo-en-joaquin-v-gonzalez-tres-colegios-se-bajan-de-la-eleccion-de-la-embajadora-de-los-estudiantes-tras-la-polemica","status":"publish","type":"post","link":"https:\/\/www.todoeldia.com\/index.php\/2026\/08\/31\/escandalo-en-joaquin-v-gonzalez-tres-colegios-se-bajan-de-la-eleccion-de-la-embajadora-de-los-estudiantes-tras-la-polemica\/","title":{"rendered":"Esc\u00e1ndalo en Joaqu\u00edn V. Gonz\u00e1lez: tres colegios se bajan de la elecci\u00f3n de la Embajadora de los Estudiantes tras la pol\u00e9mica"},"content":{"rendered":"\n<p class=\"wp-block-paragraph\">La decisi\u00f3n regir\u00e1 desde 2027 y surgi\u00f3 luego de los incidentes registrados tras la elecci\u00f3n de la soberana 2026. Las instituciones denunciaron situaciones de ciberacoso, hostigamiento, bullying y exposici\u00f3n de las estudiantes en redes sociales. \u201cLa fiesta de los estudiantes fue empa\u00f1ada por los adultos\u201d, cuestionaron.<\/p>\n\n\n\n<p class=\"wp-block-paragraph\">La elecci\u00f3n de la Embajadora Municipal de los Estudiantes en Joaqu\u00edn V. Gonz\u00e1lez termin\u00f3 abriendo una profunda grieta entre las instituciones educativas que participan tradicionalmente de la celebraci\u00f3n.<\/p>\n\n\n\n<p class=\"wp-block-paragraph\">A partir de 2027, las tres principales instituciones secundarias de la ciudad resolvieron no participar nuevamente del proceso de elecci\u00f3n, en una decisi\u00f3n que marca un fuerte llamado de atenci\u00f3n sobre lo ocurrido alrededor de la edici\u00f3n 2026.<\/p>\n\n\n\n<p class=\"wp-block-paragraph\">El Colegio Secundario N.\u00ba 5098 y la Escuela de Educaci\u00f3n T\u00e9cnica N.\u00ba 3114 \u201cThomas Edison\u201d hicieron p\u00fablica su determinaci\u00f3n mediante comunicados oficiales. A ellas se sum\u00f3 tambi\u00e9n el Colegio N.\u00ba 5232, cuya directora confirm\u00f3 al medio su adhesi\u00f3n a la medida y anticip\u00f3 que ser\u00e1 comunicada formalmente a trav\u00e9s de los canales institucionales.<\/p>\n\n\n\n<figure class=\"wp-block-image size-full is-resized\"><img loading=\"lazy\" decoding=\"async\" width=\"735\" height=\"733\" src=\"https:\/\/www.todoeldia.com\/wp-content\/uploads\/2026\/08\/image-216.png\" alt=\"\" class=\"wp-image-117434\" style=\"width:949px;height:auto\" srcset=\"https:\/\/www.todoeldia.com\/wp-content\/uploads\/2026\/08\/image-216.png 735w, https:\/\/www.todoeldia.com\/wp-content\/uploads\/2026\/08\/image-216-150x150-1.png 150w, https:\/\/www.todoeldia.com\/wp-content\/uploads\/2026\/08\/image-216-300x299-1.png 300w, https:\/\/www.todoeldia.com\/wp-content\/uploads\/2026\/08\/image-216-60x60.png 60w, https:\/\/www.todoeldia.com\/wp-content\/uploads\/2026\/08\/image-216-324x323.png 324w, https:\/\/www.todoeldia.com\/wp-content\/uploads\/2026\/08\/image-216-360x359.png 360w, https:\/\/www.todoeldia.com\/wp-content\/uploads\/2026\/08\/image-216-696x694.png 696w\" sizes=\"auto, (max-width: 735px) 100vw, 735px\" \/><\/figure>\n\n\n\n<p class=\"wp-block-paragraph\">Una celebraci\u00f3n que termin\u00f3 en conflicto<\/p>\n\n\n\n<p class=\"wp-block-paragraph\">La decisi\u00f3n se conoci\u00f3 despu\u00e9s de lo ocurrido el pasado viernes, cuando se anunci\u00f3 como nueva soberana 2026 a una estudiante perteneciente al Colegio Secundario N.\u00ba 5098.<\/p>\n\n\n\n<p class=\"wp-block-paragraph\">Seg\u00fan plantearon las instituciones, los acontecimientos no terminaron con la elecci\u00f3n sobre el escenario. La controversia habr\u00eda continuado detr\u00e1s del escenario y posteriormente en las redes sociales, donde se registraron situaciones que generaron preocupaci\u00f3n entre las autoridades educativas.<\/p>\n\n\n\n<p class=\"wp-block-paragraph\">Los colegios se\u00f1alaron especialmente episodios vinculados con ciberacoso, hostigamiento, bullying y exposici\u00f3n de las estudiantes en redes sociales, circunstancias que, seg\u00fan sostienen, terminaron desvirtuando el verdadero sentido de una celebraci\u00f3n destinada a los j\u00f3venes.<\/p>\n\n\n\n<p class=\"wp-block-paragraph\">\u201cLa fiesta de los estudiantes, empa\u00f1ada por los adultos\u201d<\/p>\n\n\n\n<p class=\"wp-block-paragraph\">El planteo de las instituciones tiene adem\u00e1s una fuerte carga cr\u00edtica hacia el comportamiento de los mayores que participaron, directa o indirectamente, de la celebraci\u00f3n.<\/p>\n\n\n\n<p class=\"wp-block-paragraph\">La frase que resume el malestar resulta contundente: \u201cLa fiesta de los estudiantes fue empa\u00f1ada por los adultos\u201d.<\/p>\n\n\n\n<p class=\"wp-block-paragraph\">En ese contexto, las autoridades educativas decidieron priorizar la protecci\u00f3n de las alumnas y evitar que futuras representantes queden expuestas a situaciones de violencia digital, ataques personales o enfrentamientos que excedan el esp\u00edritu de una celebraci\u00f3n estudiantil.<\/p>\n\n\n\n<p class=\"wp-block-paragraph\">La medida tambi\u00e9n vuelve a poner en debate un fen\u00f3meno que trasciende a Joaqu\u00edn V. Gonz\u00e1lez: la creciente exposici\u00f3n de adolescentes en las redes sociales y los l\u00edmites que deben establecerse para evitar que una celebraci\u00f3n escolar termine convirti\u00e9ndose en un escenario de hostigamiento p\u00fablico.<\/p>\n\n\n\n<p class=\"wp-block-paragraph\">Una decisi\u00f3n que obliga a revisar la tradici\u00f3n<\/p>\n\n\n\n<p class=\"wp-block-paragraph\">La salida de las tres instituciones m\u00e1s importantes de la elecci\u00f3n representa un golpe significativo para una actividad que tradicionalmente forma parte de la agenda estudiantil de la ciudad.<\/p>\n\n\n\n<p class=\"wp-block-paragraph\">M\u00e1s all\u00e1 de qui\u00e9n resulte elegida como representante, el conflicto dej\u00f3 planteado un interrogante de fondo: \u00bfc\u00f3mo recuperar el sentido original de una celebraci\u00f3n estudiantil cuando las disputas, las redes sociales y la intervenci\u00f3n de adultos terminan desplazando a los verdaderos protagonistas?<\/p>\n\n\n\n<p class=\"wp-block-paragraph\">Por ahora, los colegios parecen haber dado su respuesta: desde 2027, sus estudiantes no volver\u00e1n a participar de la elecci\u00f3n, al menos bajo las condiciones que rodearon a la edici\u00f3n de este a\u00f1o. La decisi\u00f3n constituye, adem\u00e1s, un llamado de atenci\u00f3n para las autoridades municipales y organizadores, que deber\u00e1n evaluar qu\u00e9 ocurri\u00f3 y qu\u00e9 medidas pueden adoptarse para evitar que una fiesta destinada a los j\u00f3venes vuelva a terminar envuelta en una controversia de esta magnitud.<\/p>\n\n\n\n<p class=\"wp-block-paragraph\"><strong>Apolinario Saravia: Mois\u00e9s fue increpado en la elecci\u00f3n a reina  de Coronel Mollinedo<\/strong><\/p>\n\n\n\n<figure class=\"wp-block-image size-full is-resized\"><img loading=\"lazy\" decoding=\"async\" width=\"810\" height=\"540\" src=\"https:\/\/www.todoeldia.com\/wp-content\/uploads\/2026\/08\/image-217.png\" alt=\"\" class=\"wp-image-117438\" style=\"width:960px;height:auto\" srcset=\"https:\/\/www.todoeldia.com\/wp-content\/uploads\/2026\/08\/image-217.png 810w, https:\/\/www.todoeldia.com\/wp-content\/uploads\/2026\/08\/image-217-300x200-1.png 300w, https:\/\/www.todoeldia.com\/wp-content\/uploads\/2026\/08\/image-217-768x512.png 768w, https:\/\/www.todoeldia.com\/wp-content\/uploads\/2026\/08\/image-217-324x216.png 324w, https:\/\/www.todoeldia.com\/wp-content\/uploads\/2026\/08\/image-217-696x464.png 696w\" sizes=\"auto, (max-width: 810px) 100vw, 810px\" \/><\/figure>\n\n\n\n<p class=\"wp-block-paragraph\">En di\u00e1logo con Radio K, el intendente Marcelo Mois\u00e9s confirm\u00f3 que en la elecci\u00f3n de reina de la localidad de Coronel Mollinedo una madre lo increp\u00f3 y empuj\u00f3.<\/p>\n\n\n\n<p class=\"wp-block-paragraph\">El jefe comunal afirm\u00f3 que no tuvo ninguna influencia en la decisi\u00f3n que tom\u00f3 el jurado y que tambi\u00e9n lo quisieron involucrar en lo que sucedi\u00f3 en JV Gonz\u00e1lez.<\/p>\n","protected":false},"excerpt":{"rendered":"<p>La decisi\u00f3n regir\u00e1 desde 2027 y surgi\u00f3 luego de los incidentes registrados tras la elecci\u00f3n de la soberana 2026. Las instituciones denunciaron situaciones de ciberacoso, hostigamiento, bullying y exposici\u00f3n de las estudiantes en redes sociales. \u201cLa fiesta de los estudiantes fue empa\u00f1ada por los adultos\u201d, cuestionaron. La elecci\u00f3n de la Embajadora Municipal de los Estudiantes [&hellip;]<\/p>\n","protected":false},"author":2,"featured_media":117433,"comment_status":"closed","ping_status":"closed","sticky":false,"template":"","format":"standard","meta":{"_joinchat":[],"footnotes":""},"categories":[73],"tags":[],"class_list":["post-117431","post","type-post","status-publish","format-standard","has-post-thumbnail","category-noticias-general"],"amp_enabled":true,"_links":{"self":[{"href":"https:\/\/www.todoeldia.com\/index.php\/wp-json\/wp\/v2\/posts\/117431","targetHints":{"allow":["GET"]}}],"collection":[{"href":"https:\/\/www.todoeldia.com\/index.php\/wp-json\/wp\/v2\/posts"}],"about":[{"href":"https:\/\/www.todoeldia.com\/index.php\/wp-json\/wp\/v2\/types\/post"}],"author":[{"embeddable":true,"href":"https:\/\/www.todoeldia.com\/index.php\/wp-json\/wp\/v2\/users\/2"}],"replies":[{"embeddable":true,"href":"https:\/\/www.todoeldia.com\/index.php\/wp-json\/wp\/v2\/comments?post=117431"}],"version-history":[{"count":2,"href":"https:\/\/www.todoeldia.com\/index.php\/wp-json\/wp\/v2\/posts\/117431\/revisions"}],"predecessor-version":[{"id":117439,"href":"https:\/\/www.todoeldia.com\/index.php\/wp-json\/wp\/v2\/posts\/117431\/revisions\/117439"}],"wp:featuredmedia":[{"embeddable":true,"href":"https:\/\/www.todoeldia.com\/index.php\/wp-json\/wp\/v2\/media\/117433"}],"wp:attachment":[{"href":"https:\/\/www.todoeldia.com\/index.php\/wp-json\/wp\/v2\/media?parent=117431"}],"wp:term":[{"taxonomy":"category","embeddable":true,"href":"https:\/\/www.todoeldia.com\/index.php\/wp-json\/wp\/v2\/categories?post=117431"},{"taxonomy":"post_tag","embeddable":true,"href":"https:\/\/www.todoeldia.com\/index.php\/wp-json\/wp\/v2\/tags?post=117431"}],"curies":[{"name":"wp","href":"https:\/\/api.w.org\/{rel}","templated":true}]}}