{"id":117456,"date":"2026-09-01T12:14:07","date_gmt":"2026-09-01T15:14:07","guid":{"rendered":"https:\/\/www.todoeldia.com\/?p=117456"},"modified":"2026-09-01T12:14:08","modified_gmt":"2026-09-01T15:14:08","slug":"detuvieron-al-exjefe-de-la-afip-salta-quedo-firme-la-condena-por-exigir-15-millones-a-un-empresario","status":"publish","type":"post","link":"https:\/\/www.todoeldia.com\/index.php\/2026\/09\/01\/detuvieron-al-exjefe-de-la-afip-salta-quedo-firme-la-condena-por-exigir-15-millones-a-un-empresario\/","title":{"rendered":"Detuvieron al exjefe de la AFIP Salta: qued\u00f3 firme la condena por exigir $1,5 millones a un empresario"},"content":{"rendered":"\n<p class=\"wp-block-paragraph\">Rafael Resnick Brenner fue detenido en Buenos Aires luego de que la Corte Suprema dejara firme la condena por concusi\u00f3n. La pena de cuatro a\u00f1os fue unificada con una sentencia anterior y deber\u00e1 cumplir 5 a\u00f1os y 6 meses de prisi\u00f3n.<\/p>\n\n\n\n<p class=\"wp-block-paragraph\">El exdirector de la Regional Salta de la AFIP, Rafael Resnick Brenner, qued\u00f3 detenido este lunes en la provincia de Buenos Aires, luego de que la Corte Suprema de Justicia de la Naci\u00f3n rechazara los recursos de su defensa y dejara firme una condena por corrupci\u00f3n.<\/p>\n\n\n\n<p class=\"wp-block-paragraph\">La orden fue emitida por la Justicia Federal de Salta. Resnick Brenner qued\u00f3 alojado en la Divisi\u00f3n Unidad Operativa Federal de Campana, a disposici\u00f3n del Tribunal Oral Federal que intervino en la causa.<\/p>\n\n\n\n<p class=\"wp-block-paragraph\">El exfuncionario hab\u00eda sido condenado a cuatro a\u00f1os de prisi\u00f3n como autor del delito de concusi\u00f3n, adem\u00e1s de inhabilitaci\u00f3n para ejercer cargos p\u00fablicos y una multa de $90.000. Esa pena fue posteriormente unificada con una condena anterior de tres a\u00f1os de prisi\u00f3n en suspenso, por lo que deber\u00e1 cumplir 5 a\u00f1os y 6 meses de prisi\u00f3n efectiva.<\/p>\n\n\n\n<p class=\"wp-block-paragraph\">El pedido de dinero que termin\u00f3 en condena<\/p>\n\n\n\n<p class=\"wp-block-paragraph\">La causa se origin\u00f3 en 2015, cuando el empresario salte\u00f1o Fredy Tejerina fue convocado por la AFIP para regularizar la situaci\u00f3n tributaria de su empresa.<\/p>\n\n\n\n<p class=\"wp-block-paragraph\">Durante el juicio, Tejerina declar\u00f3 que Resnick Brenner le habr\u00eda exigido $1,5 millones a cambio de favorecer su situaci\u00f3n ante el organismo. La Justicia consider\u00f3 probado el delito de concusi\u00f3n y sostuvo que el entonces funcionario utiliz\u00f3 su posici\u00f3n para exigir el dinero.<\/p>\n\n\n\n<p class=\"wp-block-paragraph\">El expediente tuvo adem\u00e1s otro cap\u00edtulo judicial: la C\u00e1mara Federal de Casaci\u00f3n Penal confirm\u00f3 las condenas por concusi\u00f3n, pero anul\u00f3 absoluciones dictadas por otros delitos y orden\u00f3 que ese tramo de la investigaci\u00f3n vuelva a ser analizado. La Corte Suprema rechaz\u00f3 ahora los recursos contra la condena, aunque esa parte de la causa contin\u00faa abierta.<\/p>\n\n\n\n<p class=\"wp-block-paragraph\">Un nombre que ya aparec\u00eda en el caso Ciccone<\/p>\n\n\n\n<p class=\"wp-block-paragraph\">Resnick Brenner ya ten\u00eda una condena firme de tres a\u00f1os de prisi\u00f3n en suspenso por negociaciones incompatibles con la funci\u00f3n p\u00fablica, vinculada con el caso Ciccone, donde hab\u00eda desempe\u00f1ado funciones de relevancia durante la gesti\u00f3n de Ricardo Echegaray en la AFIP.<\/p>\n\n\n\n<p class=\"wp-block-paragraph\">Con la nueva detenci\u00f3n, una extensa investigaci\u00f3n iniciada hace m\u00e1s de una d\u00e9cada desemboc\u00f3 finalmente en el cumplimiento efectivo de una pena de prisi\u00f3n, mientras otros cap\u00edtulos judiciales vinculados al expediente todav\u00eda esperan resoluci\u00f3n.<\/p>\n","protected":false},"excerpt":{"rendered":"<p>Rafael Resnick Brenner fue detenido en Buenos Aires luego de que la Corte Suprema dejara firme la condena por concusi\u00f3n. La pena de cuatro a\u00f1os fue unificada con una sentencia anterior y deber\u00e1 cumplir 5 a\u00f1os y 6 meses de prisi\u00f3n. El exdirector de la Regional Salta de la AFIP, Rafael Resnick Brenner, qued\u00f3 detenido [&hellip;]<\/p>\n","protected":false},"author":2,"featured_media":117458,"comment_status":"closed","ping_status":"closed","sticky":false,"template":"","format":"standard","meta":{"_joinchat":[],"footnotes":""},"categories":[73],"tags":[],"class_list":["post-117456","post","type-post","status-publish","format-standard","has-post-thumbnail","category-noticias-general"],"amp_enabled":true,"_links":{"self":[{"href":"https:\/\/www.todoeldia.com\/index.php\/wp-json\/wp\/v2\/posts\/117456","targetHints":{"allow":["GET"]}}],"collection":[{"href":"https:\/\/www.todoeldia.com\/index.php\/wp-json\/wp\/v2\/posts"}],"about":[{"href":"https:\/\/www.todoeldia.com\/index.php\/wp-json\/wp\/v2\/types\/post"}],"author":[{"embeddable":true,"href":"https:\/\/www.todoeldia.com\/index.php\/wp-json\/wp\/v2\/users\/2"}],"replies":[{"embeddable":true,"href":"https:\/\/www.todoeldia.com\/index.php\/wp-json\/wp\/v2\/comments?post=117456"}],"version-history":[{"count":1,"href":"https:\/\/www.todoeldia.com\/index.php\/wp-json\/wp\/v2\/posts\/117456\/revisions"}],"predecessor-version":[{"id":117459,"href":"https:\/\/www.todoeldia.com\/index.php\/wp-json\/wp\/v2\/posts\/117456\/revisions\/117459"}],"wp:featuredmedia":[{"embeddable":true,"href":"https:\/\/www.todoeldia.com\/index.php\/wp-json\/wp\/v2\/media\/117458"}],"wp:attachment":[{"href":"https:\/\/www.todoeldia.com\/index.php\/wp-json\/wp\/v2\/media?parent=117456"}],"wp:term":[{"taxonomy":"category","embeddable":true,"href":"https:\/\/www.todoeldia.com\/index.php\/wp-json\/wp\/v2\/categories?post=117456"},{"taxonomy":"post_tag","embeddable":true,"href":"https:\/\/www.todoeldia.com\/index.php\/wp-json\/wp\/v2\/tags?post=117456"}],"curies":[{"name":"wp","href":"https:\/\/api.w.org\/{rel}","templated":true}]}}