{"id":117462,"date":"2026-09-01T12:25:19","date_gmt":"2026-09-01T15:25:19","guid":{"rendered":"https:\/\/www.todoeldia.com\/?p=117462"},"modified":"2026-09-01T12:25:20","modified_gmt":"2026-09-01T15:25:20","slug":"alerta-sanitaria-en-el-concejo-de-oran-suspendieron-la-sesion-por-una-invasion-de-ratas","status":"publish","type":"post","link":"https:\/\/www.todoeldia.com\/index.php\/2026\/09\/01\/alerta-sanitaria-en-el-concejo-de-oran-suspendieron-la-sesion-por-una-invasion-de-ratas\/","title":{"rendered":"Alerta sanitaria en el Concejo de Or\u00e1n: suspendieron la sesi\u00f3n por una invasi\u00f3n de ratas"},"content":{"rendered":"\n<p class=\"wp-block-paragraph\">La presencia de roedores y heces oblig\u00f3 a cerrar preventivamente el edificio y activar tareas de desinfecci\u00f3n y saneamiento. El reclamo hab\u00eda sido presentado d\u00edas atr\u00e1s por una concejal.<\/p>\n\n\n\n<p class=\"wp-block-paragraph\">El Concejo Deliberante de San Ram\u00f3n de la Nueva Or\u00e1n suspendi\u00f3 la sesi\u00f3n ordinaria prevista para este martes 1 de septiembre luego de detectarse roedores y excrementos en el edificio legislativo.<\/p>\n\n\n\n<p class=\"wp-block-paragraph\">La presidenta del cuerpo, Adriana Ba\u00f1agasta, comunic\u00f3 la decisi\u00f3n a los concejales y confirm\u00f3 que durante la jornada se realizar\u00edan tareas de fumigaci\u00f3n, desinfecci\u00f3n y saneamiento.<\/p>\n\n\n\n<figure class=\"wp-block-image size-large\"><img loading=\"lazy\" decoding=\"async\" width=\"1024\" height=\"768\" src=\"https:\/\/www.todoeldia.com\/wp-content\/uploads\/2020\/08\/concejo-deliberante-oran-2011-2013-1024x768.jpg\" alt=\"\" class=\"wp-image-3438\" srcset=\"https:\/\/www.todoeldia.com\/wp-content\/uploads\/2020\/08\/concejo-deliberante-oran-2011-2013-1024x768.jpg 1024w, https:\/\/www.todoeldia.com\/wp-content\/uploads\/2020\/08\/concejo-deliberante-oran-2011-2013-300x225.jpg 300w, https:\/\/www.todoeldia.com\/wp-content\/uploads\/2020\/08\/concejo-deliberante-oran-2011-2013-768x576.jpg 768w, https:\/\/www.todoeldia.com\/wp-content\/uploads\/2020\/08\/concejo-deliberante-oran-2011-2013-1536x1152.jpg 1536w, https:\/\/www.todoeldia.com\/wp-content\/uploads\/2020\/08\/concejo-deliberante-oran-2011-2013-696x522.jpg 696w, https:\/\/www.todoeldia.com\/wp-content\/uploads\/2020\/08\/concejo-deliberante-oran-2011-2013-1068x801.jpg 1068w, https:\/\/www.todoeldia.com\/wp-content\/uploads\/2020\/08\/concejo-deliberante-oran-2011-2013-560x420.jpg 560w, https:\/\/www.todoeldia.com\/wp-content\/uploads\/2020\/08\/concejo-deliberante-oran-2011-2013-80x60.jpg 80w, https:\/\/www.todoeldia.com\/wp-content\/uploads\/2020\/08\/concejo-deliberante-oran-2011-2013-265x198.jpg 265w, https:\/\/www.todoeldia.com\/wp-content\/uploads\/2020\/08\/concejo-deliberante-oran-2011-2013.jpg 1600w\" sizes=\"auto, (max-width: 1024px) 100vw, 1024px\" \/><figcaption class=\"wp-element-caption\">Imagen de Archivo<\/figcaption><\/figure>\n\n\n\n<p class=\"wp-block-paragraph\">La situaci\u00f3n ya hab\u00eda sido advertida el 26 de agosto, cuando la concejal Carolina Guantay solicit\u00f3 con car\u00e1cter urgente la intervenci\u00f3n sobre un dep\u00f3sito ubicado junto a su oficina, donde se hab\u00eda detectado la presencia de roedores y heces.<\/p>\n\n\n\n<p class=\"wp-block-paragraph\">El episodio genera preocupaci\u00f3n por las condiciones de higiene y seguridad del edificio p\u00fablico, especialmente porque la presencia de plagas hab\u00eda sido denunciada previamente.<\/p>\n\n\n\n<p class=\"wp-block-paragraph\">La medida implica que durante este martes no habr\u00e1 actividad en el Concejo Deliberante, mientras que, seg\u00fan lo informado oficialmente, las tareas legislativas se retomar\u00e1n con normalidad el mi\u00e9rcoles 2 de septiembre.<\/p>\n\n\n\n<p class=\"wp-block-paragraph\">El episodio se suma a otros inconvenientes recientes que afectaron al edificio: d\u00edas atr\u00e1s se hab\u00eda denunciado el robo de una placa institucional de bronce de la fachada, hecho que motiv\u00f3 un pedido para reforzar las medidas de seguridad.<\/p>\n\n\n\n<p class=\"wp-block-paragraph\">Ba\u00f1agasta asumi\u00f3 la presidencia del Concejo en febrero de este a\u00f1o, luego de imponerse la lista oficialista en la elecci\u00f3n de autoridades del cuerpo.<\/p>\n","protected":false},"excerpt":{"rendered":"<p>La presencia de roedores y heces oblig\u00f3 a cerrar preventivamente el edificio y activar tareas de desinfecci\u00f3n y saneamiento. El reclamo hab\u00eda sido presentado d\u00edas atr\u00e1s por una concejal. El Concejo Deliberante de San Ram\u00f3n de la Nueva Or\u00e1n suspendi\u00f3 la sesi\u00f3n ordinaria prevista para este martes 1 de septiembre luego de detectarse roedores y [&hellip;]<\/p>\n","protected":false},"author":2,"featured_media":117464,"comment_status":"closed","ping_status":"closed","sticky":false,"template":"","format":"standard","meta":{"_joinchat":[],"footnotes":""},"categories":[73],"tags":[],"class_list":["post-117462","post","type-post","status-publish","format-standard","has-post-thumbnail","category-noticias-general"],"amp_enabled":true,"_links":{"self":[{"href":"https:\/\/www.todoeldia.com\/index.php\/wp-json\/wp\/v2\/posts\/117462","targetHints":{"allow":["GET"]}}],"collection":[{"href":"https:\/\/www.todoeldia.com\/index.php\/wp-json\/wp\/v2\/posts"}],"about":[{"href":"https:\/\/www.todoeldia.com\/index.php\/wp-json\/wp\/v2\/types\/post"}],"author":[{"embeddable":true,"href":"https:\/\/www.todoeldia.com\/index.php\/wp-json\/wp\/v2\/users\/2"}],"replies":[{"embeddable":true,"href":"https:\/\/www.todoeldia.com\/index.php\/wp-json\/wp\/v2\/comments?post=117462"}],"version-history":[{"count":1,"href":"https:\/\/www.todoeldia.com\/index.php\/wp-json\/wp\/v2\/posts\/117462\/revisions"}],"predecessor-version":[{"id":117465,"href":"https:\/\/www.todoeldia.com\/index.php\/wp-json\/wp\/v2\/posts\/117462\/revisions\/117465"}],"wp:featuredmedia":[{"embeddable":true,"href":"https:\/\/www.todoeldia.com\/index.php\/wp-json\/wp\/v2\/media\/117464"}],"wp:attachment":[{"href":"https:\/\/www.todoeldia.com\/index.php\/wp-json\/wp\/v2\/media?parent=117462"}],"wp:term":[{"taxonomy":"category","embeddable":true,"href":"https:\/\/www.todoeldia.com\/index.php\/wp-json\/wp\/v2\/categories?post=117462"},{"taxonomy":"post_tag","embeddable":true,"href":"https:\/\/www.todoeldia.com\/index.php\/wp-json\/wp\/v2\/tags?post=117462"}],"curies":[{"name":"wp","href":"https:\/\/api.w.org\/{rel}","templated":true}]}}