{"id":117491,"date":"2026-09-01T14:42:00","date_gmt":"2026-09-01T17:42:00","guid":{"rendered":"https:\/\/www.todoeldia.com\/?p=117491"},"modified":"2026-09-01T14:42:00","modified_gmt":"2026-09-01T17:42:00","slug":"escaparon-de-un-control-y-terminaron-rodeados-secuestran-26-kilos-de-coca-y-36-000-paquetes-de-cigarrillos-en-r-de-la-frontera","status":"publish","type":"post","link":"https:\/\/www.todoeldia.com\/index.php\/2026\/09\/01\/escaparon-de-un-control-y-terminaron-rodeados-secuestran-26-kilos-de-coca-y-36-000-paquetes-de-cigarrillos-en-r-de-la-frontera\/","title":{"rendered":"Escaparon de un control y terminaron rodeados: secuestran 26 kilos de coca y 36.000 paquetes de cigarrillos en R\u00b0 de la Frontera"},"content":{"rendered":"\n<p class=\"wp-block-paragraph\">Una fuga durante un control vehicular en El Durazno termin\u00f3 con tres personas infraccionadas y un importante cargamento ilegal secuestrado en Rosario de la Frontera.<\/p>\n\n\n\n<p class=\"wp-block-paragraph\">El operativo comenz\u00f3 cuando personal de Seguridad Vial alert\u00f3 sobre una camioneta que hab\u00eda evadido un control sobre la ruta nacional 9\/34. El Centro de Coordinaci\u00f3n Operativa activ\u00f3 de inmediato un despliegue conjunto entre los Distritos de Prevenci\u00f3n 3 de Met\u00e1n y 13 de Rosario de la Frontera.<\/p>\n\n\n\n<p class=\"wp-block-paragraph\">Tras el operativo cerrojo, los polic\u00edas localizaron el veh\u00edculo en la ciudad e identificaron a sus ocupantes: dos hombres y una mujer, todos mayores de edad.<\/p>\n\n\n\n<p class=\"wp-block-paragraph\">Al inspeccionar la camioneta encontraron 26 kilos de hojas de coca y 36.000 paquetes de cigarrillos, mercader\u00eda que fue secuestrada por una presunta infracci\u00f3n al C\u00f3digo Aduanero.<\/p>\n\n\n\n<p class=\"wp-block-paragraph\">La intervenci\u00f3n qued\u00f3 bajo conocimiento de la Fiscal\u00eda Federal, que dispuso las actuaciones correspondientes y dej\u00f3 el cargamento a disposici\u00f3n de la Justicia.<\/p>\n","protected":false},"excerpt":{"rendered":"<p>Una fuga durante un control vehicular en El Durazno termin\u00f3 con tres personas infraccionadas y un importante cargamento ilegal secuestrado en Rosario de la Frontera. El operativo comenz\u00f3 cuando personal de Seguridad Vial alert\u00f3 sobre una camioneta que hab\u00eda evadido un control sobre la ruta nacional 9\/34. El Centro de Coordinaci\u00f3n Operativa activ\u00f3 de inmediato [&hellip;]<\/p>\n","protected":false},"author":2,"featured_media":117493,"comment_status":"closed","ping_status":"closed","sticky":false,"template":"","format":"standard","meta":{"_joinchat":[],"footnotes":""},"categories":[63],"tags":[],"class_list":["post-117491","post","type-post","status-publish","format-standard","has-post-thumbnail","category-policiales"],"amp_enabled":true,"_links":{"self":[{"href":"https:\/\/www.todoeldia.com\/index.php\/wp-json\/wp\/v2\/posts\/117491","targetHints":{"allow":["GET"]}}],"collection":[{"href":"https:\/\/www.todoeldia.com\/index.php\/wp-json\/wp\/v2\/posts"}],"about":[{"href":"https:\/\/www.todoeldia.com\/index.php\/wp-json\/wp\/v2\/types\/post"}],"author":[{"embeddable":true,"href":"https:\/\/www.todoeldia.com\/index.php\/wp-json\/wp\/v2\/users\/2"}],"replies":[{"embeddable":true,"href":"https:\/\/www.todoeldia.com\/index.php\/wp-json\/wp\/v2\/comments?post=117491"}],"version-history":[{"count":1,"href":"https:\/\/www.todoeldia.com\/index.php\/wp-json\/wp\/v2\/posts\/117491\/revisions"}],"predecessor-version":[{"id":117494,"href":"https:\/\/www.todoeldia.com\/index.php\/wp-json\/wp\/v2\/posts\/117491\/revisions\/117494"}],"wp:featuredmedia":[{"embeddable":true,"href":"https:\/\/www.todoeldia.com\/index.php\/wp-json\/wp\/v2\/media\/117493"}],"wp:attachment":[{"href":"https:\/\/www.todoeldia.com\/index.php\/wp-json\/wp\/v2\/media?parent=117491"}],"wp:term":[{"taxonomy":"category","embeddable":true,"href":"https:\/\/www.todoeldia.com\/index.php\/wp-json\/wp\/v2\/categories?post=117491"},{"taxonomy":"post_tag","embeddable":true,"href":"https:\/\/www.todoeldia.com\/index.php\/wp-json\/wp\/v2\/tags?post=117491"}],"curies":[{"name":"wp","href":"https:\/\/api.w.org\/{rel}","templated":true}]}}