{"id":117497,"date":"2026-09-01T14:49:43","date_gmt":"2026-09-01T17:49:43","guid":{"rendered":"https:\/\/www.todoeldia.com\/?p=117497"},"modified":"2026-09-01T14:49:43","modified_gmt":"2026-09-01T17:49:43","slug":"condenaron-a-un-viejo-degenerado-de-81-anos-por-abusar-de-dos-ninas-cumplira-la-pena-bajo-arresto-domiciliario","status":"publish","type":"post","link":"https:\/\/www.todoeldia.com\/index.php\/2026\/09\/01\/condenaron-a-un-viejo-degenerado-de-81-anos-por-abusar-de-dos-ninas-cumplira-la-pena-bajo-arresto-domiciliario\/","title":{"rendered":"Condenaron a un viejo degenerado de 81 a\u00f1os por abusar de dos ni\u00f1as: cumplir\u00e1 la pena bajo arresto domiciliario"},"content":{"rendered":"\n<p class=\"wp-block-paragraph\">Un hombre de 81 a\u00f1os fue condenado a ocho a\u00f1os y seis meses de prisi\u00f3n efectiva por la jueza Paola Marocco, tras ser hallado responsable de abuso sexual con acceso carnal y dos hechos de abuso sexual simple, cometidos contra dos menores.<\/p>\n\n\n\n<p class=\"wp-block-paragraph\">La sentencia establece que deber\u00e1 cumplir la pena bajo arresto domiciliario y monitoreo electr\u00f3nico, debido a su edad y estado de salud. La Fiscal\u00eda hab\u00eda solicitado nueve a\u00f1os de prisi\u00f3n bajo la misma modalidad, mientras que la defensa hab\u00eda reclamado el m\u00ednimo de seis a\u00f1os.<\/p>\n\n\n\n<p class=\"wp-block-paragraph\">Durante los alegatos, el fiscal Federico Obeid sostuvo que el acusado conoc\u00eda a las ni\u00f1as, de 10 a\u00f1os, y aprovechaba su situaci\u00f3n de vulnerabilidad. Seg\u00fan la acusaci\u00f3n, las atra\u00eda hasta su domicilio mediante ofrecimientos de dinero y juguetes y luego les exig\u00eda que mantuvieran silencio.<\/p>\n\n\n\n<p class=\"wp-block-paragraph\">La Fiscal\u00eda tambi\u00e9n se\u00f1al\u00f3 que, en una oportunidad, el hombre habr\u00eda hecho ingresar a una de las v\u00edctimas por la fuerza.<\/p>\n\n\n\n<p class=\"wp-block-paragraph\">La jueza Marocco, tras analizar las pruebas incorporadas durante el debate, dict\u00f3 la condena por los delitos cometidos contra las dos menores. La resoluci\u00f3n representa un nuevo fallo de la Justicia salte\u00f1a en causas vinculadas con delitos contra la integridad sexual de ni\u00f1as y adolescentes.<\/p>\n","protected":false},"excerpt":{"rendered":"<p>Un hombre de 81 a\u00f1os fue condenado a ocho a\u00f1os y seis meses de prisi\u00f3n efectiva por la jueza Paola Marocco, tras ser hallado responsable de abuso sexual con acceso carnal y dos hechos de abuso sexual simple, cometidos contra dos menores. La sentencia establece que deber\u00e1 cumplir la pena bajo arresto domiciliario y monitoreo [&hellip;]<\/p>\n","protected":false},"author":2,"featured_media":117498,"comment_status":"closed","ping_status":"closed","sticky":false,"template":"","format":"standard","meta":{"_joinchat":[],"footnotes":""},"categories":[63],"tags":[],"class_list":["post-117497","post","type-post","status-publish","format-standard","has-post-thumbnail","category-policiales"],"amp_enabled":true,"_links":{"self":[{"href":"https:\/\/www.todoeldia.com\/index.php\/wp-json\/wp\/v2\/posts\/117497","targetHints":{"allow":["GET"]}}],"collection":[{"href":"https:\/\/www.todoeldia.com\/index.php\/wp-json\/wp\/v2\/posts"}],"about":[{"href":"https:\/\/www.todoeldia.com\/index.php\/wp-json\/wp\/v2\/types\/post"}],"author":[{"embeddable":true,"href":"https:\/\/www.todoeldia.com\/index.php\/wp-json\/wp\/v2\/users\/2"}],"replies":[{"embeddable":true,"href":"https:\/\/www.todoeldia.com\/index.php\/wp-json\/wp\/v2\/comments?post=117497"}],"version-history":[{"count":1,"href":"https:\/\/www.todoeldia.com\/index.php\/wp-json\/wp\/v2\/posts\/117497\/revisions"}],"predecessor-version":[{"id":117500,"href":"https:\/\/www.todoeldia.com\/index.php\/wp-json\/wp\/v2\/posts\/117497\/revisions\/117500"}],"wp:featuredmedia":[{"embeddable":true,"href":"https:\/\/www.todoeldia.com\/index.php\/wp-json\/wp\/v2\/media\/117498"}],"wp:attachment":[{"href":"https:\/\/www.todoeldia.com\/index.php\/wp-json\/wp\/v2\/media?parent=117497"}],"wp:term":[{"taxonomy":"category","embeddable":true,"href":"https:\/\/www.todoeldia.com\/index.php\/wp-json\/wp\/v2\/categories?post=117497"},{"taxonomy":"post_tag","embeddable":true,"href":"https:\/\/www.todoeldia.com\/index.php\/wp-json\/wp\/v2\/tags?post=117497"}],"curies":[{"name":"wp","href":"https:\/\/api.w.org\/{rel}","templated":true}]}}