{"id":117507,"date":"2026-09-01T15:01:01","date_gmt":"2026-09-01T18:01:01","guid":{"rendered":"https:\/\/www.todoeldia.com\/?p=117507"},"modified":"2026-09-01T15:01:02","modified_gmt":"2026-09-01T18:01:02","slug":"cerimedo-hablo-uno-de-los-supuestos-sicarios-del-ataque-contra-beller-y-aseguro-que-el-objetivo-era-un-argentino","status":"publish","type":"post","link":"https:\/\/www.todoeldia.com\/index.php\/2026\/09\/01\/cerimedo-hablo-uno-de-los-supuestos-sicarios-del-ataque-contra-beller-y-aseguro-que-el-objetivo-era-un-argentino\/","title":{"rendered":"Cerimedo: habl\u00f3 uno de los supuestos sicarios del ataque contra Beller y asegur\u00f3 que el objetivo era \u201cun argentino\u201d"},"content":{"rendered":"\n<p class=\"wp-block-paragraph\">Adem\u00e1s afirm\u00f3 que la idea no era matar a la expareja del consultor pol\u00edtico sino \u201cdarle un susto\u201d<\/p>\n\n\n\n<p class=\"wp-block-paragraph\">(NA) &#8212;&nbsp;Uno de los presuntos sicarios del ataque a Nadia Beller, la expareja de Fernando Cerimedo&nbsp;revel\u00f3 que el verdadero objetivo era&nbsp;\u201cuna personalidad gaucha, argentina\u201d&nbsp;cuyo nombre no precis\u00f3.<\/p>\n\n\n\n<p class=\"wp-block-paragraph\">Aldo Silva Pe\u00f1a apodado \u201cJuancho\u201d&nbsp;reconoci\u00f3 su participaci\u00f3n en el hecho, pero afirm\u00f3 que no fue quien dispar\u00f3 y sostuvo que&nbsp;el objetivo no era matar a la abogada de 33 a\u00f1os sino darle \u201cun susto\u201d.<\/p>\n\n\n\n<p class=\"wp-block-paragraph\">\u201cEl objetivo principal no era matar a esa se\u00f1ora\u201d, manifest\u00f3 el supuesto atacante en un video que public\u00f3 en redes sociales luego de que la Fiscal\u00eda de Bolivia lo identificara como uno de los presuntos sicarios del atentado contra Beller ocurrido el pasado 17 de agosto.<\/p>\n\n\n\n<figure class=\"wp-block-image size-full is-resized\"><img loading=\"lazy\" decoding=\"async\" width=\"651\" height=\"450\" src=\"https:\/\/www.todoeldia.com\/wp-content\/uploads\/2026\/08\/adia-Shirley-Beller-Delgado.jpg\" alt=\"\" class=\"wp-image-115890\" style=\"width:953px;height:auto\" srcset=\"https:\/\/www.todoeldia.com\/wp-content\/uploads\/2026\/08\/adia-Shirley-Beller-Delgado.jpg 651w, https:\/\/www.todoeldia.com\/wp-content\/uploads\/2026\/08\/adia-Shirley-Beller-Delgado-300x207.jpg 300w, https:\/\/www.todoeldia.com\/wp-content\/uploads\/2026\/08\/adia-Shirley-Beller-Delgado-608x420.jpg 608w, https:\/\/www.todoeldia.com\/wp-content\/uploads\/2026\/08\/adia-Shirley-Beller-Delgado-218x150.jpg 218w, https:\/\/www.todoeldia.com\/wp-content\/uploads\/2026\/08\/adia-Shirley-Beller-Delgado-100x70.jpg 100w\" sizes=\"auto, (max-width: 651px) 100vw, 651px\" \/><figcaption class=\"wp-element-caption\">Nadia Shirley Beller Delgado, la abogada de 33 a\u00f1os y expareja de Fernando Cerimedo, exasesor de Javier Milei<\/figcaption><\/figure>\n\n\n\n<p class=\"wp-block-paragraph\">Tras reiterar que no fue quien dispar\u00f3 y tampoco quien conduc\u00eda la motocicleta, insisti\u00f3 con que&nbsp;\u201ca esa mujer hab\u00eda que pegarle un susto\u201d&nbsp;y agreg\u00f3 que \u201cla intenci\u00f3n no era, despu\u00e9s que estuviera en el piso, rematarla\u201d sino&nbsp;\u201csolamente robarle la cartera, pero en ning\u00fan momento tampoco era quitarle los tel\u00e9fonos\u201d.<\/p>\n\n\n\n<p class=\"wp-block-paragraph\">Sobre su participaci\u00f3n dijo que solo se limit\u00f3 a brindar&nbsp;\u201ccierta log\u00edstica\u201d y pidi\u00f3 \u201cgarant\u00edas\u201d&nbsp;para una eventual entrega a las autoridades.<\/p>\n\n\n\n<p class=\"wp-block-paragraph\">Silva Pe\u00f1a involucr\u00f3 a otras personas en el ataque a las que mencion\u00f3 por sus sobrenombres y seg\u00fan afirm\u00f3 formaron parte de la planificaci\u00f3n.&nbsp;<\/p>\n\n\n\n<p class=\"wp-block-paragraph\">La Justicia boliviana dict\u00f3 una segunda prisi\u00f3n preventiva para Fernando Cerimedo por 180 d\u00edas<\/p>\n\n\n\n<p class=\"wp-block-paragraph\">Detall\u00f3 que por arriba suyo hab\u00eda tres personas que&nbsp;\u201cfueron los que pagaron y mandaron a hacer esto\u201d, entre ellas un hombre al que identific\u00f3 como&nbsp;\u201cTo\u00f1o\u201d, quien lo habr\u00eda contactado por tel\u00e9fono y trabajar\u00eda en la Gobernaci\u00f3n de Cochabamba.<\/p>\n\n\n\n<p class=\"wp-block-paragraph\">Tambi\u00e9n nombr\u00f3 a&nbsp;\u201cun tal Chino\u201d, quien seg\u00fan indic\u00f3 realiz\u00f3 tareas de seguimiento e inteligencia sobre Beller. Relat\u00f3 que fue enviado en dos oportunidades a Bulo Bulo (localidad boliviana): la primera para recibir tel\u00e9fonos e informaci\u00f3n vinculada con el caso y la segunda, para buscar dinero y recibir nuevas \u00f3rdenes.<\/p>\n\n\n\n<p class=\"wp-block-paragraph\">Explic\u00f3 que decidi\u00f3 hacer p\u00fablica su versi\u00f3n debido a que teme por su vida.&nbsp;\u201cObviamente, las personas que me contrataron en estos momentos me quieren silenciar, me quieren matar, me quieren callar\u201d, asegur\u00f3 y a\u00f1adi\u00f3 que esos individuos no quieren que hable \u201ccon la Polic\u00eda y menos con los medios de comunicaci\u00f3n\u201d.<\/p>\n\n\n\n<p class=\"wp-block-paragraph\">Adem\u00e1s de se\u00f1alar a \u201cJuancho\u201d como uno de los supuestos atacantes, los investigadores tambi\u00e9n se\u00f1alaron a otro sospechoso, E. D. J., alias&nbsp;\u201cDon Fiti\u201d.<\/p>\n\n\n\n<p class=\"wp-block-paragraph\">Acorde con la Polic\u00eda boliviana, \u201cJuancho\u201d y \u201cDon Fiti\u201d habr\u00edan tenido participaci\u00f3n directa en el ataque. La pareja del primero, Paola A. V. A., y Roger A. C., identificado como quien habr\u00eda aportado el arma, ya fueron detenidos y cumplen prisi\u00f3n preventiva. Adem\u00e1s, los investigadores emitieron una orden de captura contra una exfuncionaria de la Aduana boliviana.<\/p>\n","protected":false},"excerpt":{"rendered":"<p>Adem\u00e1s afirm\u00f3 que la idea no era matar a la expareja del consultor pol\u00edtico sino \u201cdarle un susto\u201d (NA) &#8212;&nbsp;Uno de los presuntos sicarios del ataque a Nadia Beller, la expareja de Fernando Cerimedo&nbsp;revel\u00f3 que el verdadero objetivo era&nbsp;\u201cuna personalidad gaucha, argentina\u201d&nbsp;cuyo nombre no precis\u00f3. Aldo Silva Pe\u00f1a apodado \u201cJuancho\u201d&nbsp;reconoci\u00f3 su participaci\u00f3n en el hecho, [&hellip;]<\/p>\n","protected":false},"author":2,"featured_media":117509,"comment_status":"closed","ping_status":"closed","sticky":false,"template":"","format":"standard","meta":{"_joinchat":[],"footnotes":""},"categories":[73],"tags":[],"class_list":["post-117507","post","type-post","status-publish","format-standard","has-post-thumbnail","category-noticias-general"],"amp_enabled":true,"_links":{"self":[{"href":"https:\/\/www.todoeldia.com\/index.php\/wp-json\/wp\/v2\/posts\/117507","targetHints":{"allow":["GET"]}}],"collection":[{"href":"https:\/\/www.todoeldia.com\/index.php\/wp-json\/wp\/v2\/posts"}],"about":[{"href":"https:\/\/www.todoeldia.com\/index.php\/wp-json\/wp\/v2\/types\/post"}],"author":[{"embeddable":true,"href":"https:\/\/www.todoeldia.com\/index.php\/wp-json\/wp\/v2\/users\/2"}],"replies":[{"embeddable":true,"href":"https:\/\/www.todoeldia.com\/index.php\/wp-json\/wp\/v2\/comments?post=117507"}],"version-history":[{"count":1,"href":"https:\/\/www.todoeldia.com\/index.php\/wp-json\/wp\/v2\/posts\/117507\/revisions"}],"predecessor-version":[{"id":117510,"href":"https:\/\/www.todoeldia.com\/index.php\/wp-json\/wp\/v2\/posts\/117507\/revisions\/117510"}],"wp:featuredmedia":[{"embeddable":true,"href":"https:\/\/www.todoeldia.com\/index.php\/wp-json\/wp\/v2\/media\/117509"}],"wp:attachment":[{"href":"https:\/\/www.todoeldia.com\/index.php\/wp-json\/wp\/v2\/media?parent=117507"}],"wp:term":[{"taxonomy":"category","embeddable":true,"href":"https:\/\/www.todoeldia.com\/index.php\/wp-json\/wp\/v2\/categories?post=117507"},{"taxonomy":"post_tag","embeddable":true,"href":"https:\/\/www.todoeldia.com\/index.php\/wp-json\/wp\/v2\/tags?post=117507"}],"curies":[{"name":"wp","href":"https:\/\/api.w.org\/{rel}","templated":true}]}}