{"id":117523,"date":"2026-09-01T19:17:52","date_gmt":"2026-09-01T22:17:52","guid":{"rendered":"https:\/\/www.todoeldia.com\/?p=117523"},"modified":"2026-09-01T19:17:53","modified_gmt":"2026-09-01T22:17:53","slug":"entre-caballos-ponchos-y-memoria-balboa-encendio-la-fiesta-gaucha-mas-tradicional-de-rosario-de-la-frontera","status":"publish","type":"post","link":"https:\/\/www.todoeldia.com\/index.php\/2026\/09\/01\/entre-caballos-ponchos-y-memoria-balboa-encendio-la-fiesta-gaucha-mas-tradicional-de-rosario-de-la-frontera\/","title":{"rendered":"Entre caballos, ponchos y memoria: Balboa encendi\u00f3 la fiesta gaucha m\u00e1s tradicional de Rosario de la Frontera"},"content":{"rendered":"\n<p class=\"wp-block-paragraph\">El Fort\u00edn El Bagual fue anfitri\u00f3n de una edici\u00f3n aniversario que reuni\u00f3 a fortines, agrupaciones gauchas, familias y visitantes de distintos puntos del pa\u00eds. Entre cabalgatas, costumbres criollas y el encuentro de generaciones, la celebraci\u00f3n volvi\u00f3 a poner en escena la identidad profunda del sur salte\u00f1o.<\/p>\n\n\n\n<p class=\"wp-block-paragraph\">Rosario de la Frontera volvi\u00f3 a vestirse de tradici\u00f3n. En Balboa, donde el paisaje rural se mezcla con la historia y las costumbres de la regi\u00f3n, se realiz\u00f3 el 30.\u00ba Encuentro Nacional de Fortines y Agrupaciones Gauchas, una celebraci\u00f3n que durante tres d\u00e9cadas logr\u00f3 convertirse en una cita esperada por quienes mantienen viva la cultura criolla.<\/p>\n\n\n\n<figure class=\"wp-block-image size-large\"><img loading=\"lazy\" decoding=\"async\" width=\"1024\" height=\"684\" src=\"https:\/\/www.todoeldia.com\/wp-content\/uploads\/2026\/09\/image-4-1024x684.png\" alt=\"\" class=\"wp-image-117526\" srcset=\"https:\/\/www.todoeldia.com\/wp-content\/uploads\/2026\/09\/image-4-1024x684.png 1024w, https:\/\/www.todoeldia.com\/wp-content\/uploads\/2026\/09\/image-4-300x200.png 300w, https:\/\/www.todoeldia.com\/wp-content\/uploads\/2026\/09\/image-4-767x512.png 767w, https:\/\/www.todoeldia.com\/wp-content\/uploads\/2026\/09\/image-4-299x200.png 299w, https:\/\/www.todoeldia.com\/wp-content\/uploads\/2026\/09\/image-4-323x216.png 323w, https:\/\/www.todoeldia.com\/wp-content\/uploads\/2026\/09\/image-4-695x464.png 695w, https:\/\/www.todoeldia.com\/wp-content\/uploads\/2026\/09\/image-4-1068x713.png 1068w, https:\/\/www.todoeldia.com\/wp-content\/uploads\/2026\/09\/image-4.png 1367w\" sizes=\"auto, (max-width: 1024px) 100vw, 1024px\" \/><\/figure>\n\n\n\n<p class=\"wp-block-paragraph\">La jornada tuvo como anfitri\u00f3n al Fort\u00edn El Bagual, cuya presidenta, Rosa Checa, encabez\u00f3 la organizaci\u00f3n y recibi\u00f3 a representantes de distintos fortines y agrupaciones gauchas que llegaron para participar de la edici\u00f3n aniversario.<\/p>\n\n\n\n<p class=\"wp-block-paragraph\">Desde temprano, el movimiento de jinetes, familias y visitantes fue marcando el pulso de una jornada en la que la tradici\u00f3n volvi\u00f3 a ocupar el centro de la escena. El encuentro convoc\u00f3 a representantes de distintos puntos y ofreci\u00f3 un espacio para compartir costumbres, historias y expresiones propias de la cultura gaucha.<\/p>\n\n\n\n<figure class=\"wp-block-image size-large\"><img loading=\"lazy\" decoding=\"async\" width=\"1024\" height=\"684\" src=\"https:\/\/www.todoeldia.com\/wp-content\/uploads\/2026\/09\/image-5-1024x684.png\" alt=\"\" class=\"wp-image-117527\" srcset=\"https:\/\/www.todoeldia.com\/wp-content\/uploads\/2026\/09\/image-5-1024x684.png 1024w, https:\/\/www.todoeldia.com\/wp-content\/uploads\/2026\/09\/image-5-300x200.png 300w, https:\/\/www.todoeldia.com\/wp-content\/uploads\/2026\/09\/image-5-767x512.png 767w, https:\/\/www.todoeldia.com\/wp-content\/uploads\/2026\/09\/image-5-299x200.png 299w, https:\/\/www.todoeldia.com\/wp-content\/uploads\/2026\/09\/image-5-323x216.png 323w, https:\/\/www.todoeldia.com\/wp-content\/uploads\/2026\/09\/image-5-695x464.png 695w, https:\/\/www.todoeldia.com\/wp-content\/uploads\/2026\/09\/image-5-1068x713.png 1068w, https:\/\/www.todoeldia.com\/wp-content\/uploads\/2026\/09\/image-5.png 1367w\" sizes=\"auto, (max-width: 1024px) 100vw, 1024px\" \/><\/figure>\n\n\n\n<p class=\"wp-block-paragraph\">M\u00e1s que una celebraci\u00f3n, el encuentro se transform\u00f3 con el paso de los a\u00f1os en una suerte de memoria viva de la identidad regional. All\u00ed, las nuevas generaciones se cruzan con hombres y mujeres que sostienen antiguas costumbres y transmiten un modo de entender la vida rural que forma parte del patrimonio cultural del sur de Salta.<\/p>\n\n\n\n<p class=\"wp-block-paragraph\">Tres d\u00e9cadas de tradici\u00f3n<\/p>\n\n\n\n<p class=\"wp-block-paragraph\">La edici\u00f3n n\u00famero 30 tuvo adem\u00e1s un reconocimiento institucional acorde con su trayectoria. Por su importancia cultural, tur\u00edstica y por la convocatoria alcanzada a lo largo de los a\u00f1os, el encuentro fue declarado de Inter\u00e9s Tur\u00edstico Provincial y de Inter\u00e9s Municipal.<\/p>\n\n\n\n<figure class=\"wp-block-image size-large\"><img loading=\"lazy\" decoding=\"async\" width=\"1024\" height=\"684\" src=\"https:\/\/www.todoeldia.com\/wp-content\/uploads\/2026\/09\/image-6-1024x684.png\" alt=\"\" class=\"wp-image-117528\" srcset=\"https:\/\/www.todoeldia.com\/wp-content\/uploads\/2026\/09\/image-6-1024x684.png 1024w, https:\/\/www.todoeldia.com\/wp-content\/uploads\/2026\/09\/image-6-300x200.png 300w, https:\/\/www.todoeldia.com\/wp-content\/uploads\/2026\/09\/image-6-767x512.png 767w, https:\/\/www.todoeldia.com\/wp-content\/uploads\/2026\/09\/image-6-299x200.png 299w, https:\/\/www.todoeldia.com\/wp-content\/uploads\/2026\/09\/image-6-323x216.png 323w, https:\/\/www.todoeldia.com\/wp-content\/uploads\/2026\/09\/image-6-695x464.png 695w, https:\/\/www.todoeldia.com\/wp-content\/uploads\/2026\/09\/image-6-1068x713.png 1068w, https:\/\/www.todoeldia.com\/wp-content\/uploads\/2026\/09\/image-6.png 1367w\" sizes=\"auto, (max-width: 1024px) 100vw, 1024px\" \/><\/figure>\n\n\n\n<p class=\"wp-block-paragraph\">La celebraci\u00f3n cont\u00f3 con el acompa\u00f1amiento de autoridades municipales y representantes del Ministerio de Turismo y Deportes de Salta, que destacaron la importancia de este tipo de acontecimientos para preservar las tradiciones y, al mismo tiempo, fortalecer el movimiento tur\u00edstico y cultural de la regi\u00f3n.<\/p>\n\n\n\n<p class=\"wp-block-paragraph\">En Balboa, la celebraci\u00f3n volvi\u00f3 a demostrar que las tradiciones gauchas permanecen vigentes cuando existe una comunidad dispuesta a sostenerlas. Cada agrupaci\u00f3n, cada caballo y cada familia que participa aporta una pieza a una historia colectiva que lleva ya tres d\u00e9cadas de encuentros.<\/p>\n\n\n\n<figure class=\"wp-block-image size-large\"><img loading=\"lazy\" decoding=\"async\" width=\"1024\" height=\"684\" src=\"https:\/\/www.todoeldia.com\/wp-content\/uploads\/2026\/09\/image-7-1024x684.png\" alt=\"\" class=\"wp-image-117529\" srcset=\"https:\/\/www.todoeldia.com\/wp-content\/uploads\/2026\/09\/image-7-1024x684.png 1024w, https:\/\/www.todoeldia.com\/wp-content\/uploads\/2026\/09\/image-7-300x200.png 300w, https:\/\/www.todoeldia.com\/wp-content\/uploads\/2026\/09\/image-7-767x512.png 767w, https:\/\/www.todoeldia.com\/wp-content\/uploads\/2026\/09\/image-7-299x200.png 299w, https:\/\/www.todoeldia.com\/wp-content\/uploads\/2026\/09\/image-7-323x216.png 323w, https:\/\/www.todoeldia.com\/wp-content\/uploads\/2026\/09\/image-7-695x464.png 695w, https:\/\/www.todoeldia.com\/wp-content\/uploads\/2026\/09\/image-7-1068x713.png 1068w, https:\/\/www.todoeldia.com\/wp-content\/uploads\/2026\/09\/image-7.png 1367w\" sizes=\"auto, (max-width: 1024px) 100vw, 1024px\" \/><\/figure>\n\n\n\n<p class=\"wp-block-paragraph\">As\u00ed, entre costumbres criollas, identidad y esp\u00edritu gaucho, El Fort\u00edn El Bagual volvi\u00f3 a abrir sus puertas para celebrar mucho m\u00e1s que un aniversario: celebr\u00f3 una forma de entender y transmitir la cultura del interior salte\u00f1o.<\/p>\n\n\n\n<p class=\"wp-block-paragraph\">Treinta a\u00f1os despu\u00e9s de aquel primer encuentro, Balboa volvi\u00f3 a ser punto de reuni\u00f3n. Y la tradici\u00f3n, una vez m\u00e1s, volvi\u00f3 a cabalgar.<\/p>\n","protected":false},"excerpt":{"rendered":"<p>El Fort\u00edn El Bagual fue anfitri\u00f3n de una edici\u00f3n aniversario que reuni\u00f3 a fortines, agrupaciones gauchas, familias y visitantes de distintos puntos del pa\u00eds. Entre cabalgatas, costumbres criollas y el encuentro de generaciones, la celebraci\u00f3n volvi\u00f3 a poner en escena la identidad profunda del sur salte\u00f1o. Rosario de la Frontera volvi\u00f3 a vestirse de tradici\u00f3n. [&hellip;]<\/p>\n","protected":false},"author":2,"featured_media":117525,"comment_status":"closed","ping_status":"closed","sticky":false,"template":"","format":"standard","meta":{"_joinchat":[],"footnotes":""},"categories":[73],"tags":[],"class_list":["post-117523","post","type-post","status-publish","format-standard","has-post-thumbnail","category-noticias-general"],"amp_enabled":true,"_links":{"self":[{"href":"https:\/\/www.todoeldia.com\/index.php\/wp-json\/wp\/v2\/posts\/117523","targetHints":{"allow":["GET"]}}],"collection":[{"href":"https:\/\/www.todoeldia.com\/index.php\/wp-json\/wp\/v2\/posts"}],"about":[{"href":"https:\/\/www.todoeldia.com\/index.php\/wp-json\/wp\/v2\/types\/post"}],"author":[{"embeddable":true,"href":"https:\/\/www.todoeldia.com\/index.php\/wp-json\/wp\/v2\/users\/2"}],"replies":[{"embeddable":true,"href":"https:\/\/www.todoeldia.com\/index.php\/wp-json\/wp\/v2\/comments?post=117523"}],"version-history":[{"count":1,"href":"https:\/\/www.todoeldia.com\/index.php\/wp-json\/wp\/v2\/posts\/117523\/revisions"}],"predecessor-version":[{"id":117530,"href":"https:\/\/www.todoeldia.com\/index.php\/wp-json\/wp\/v2\/posts\/117523\/revisions\/117530"}],"wp:featuredmedia":[{"embeddable":true,"href":"https:\/\/www.todoeldia.com\/index.php\/wp-json\/wp\/v2\/media\/117525"}],"wp:attachment":[{"href":"https:\/\/www.todoeldia.com\/index.php\/wp-json\/wp\/v2\/media?parent=117523"}],"wp:term":[{"taxonomy":"category","embeddable":true,"href":"https:\/\/www.todoeldia.com\/index.php\/wp-json\/wp\/v2\/categories?post=117523"},{"taxonomy":"post_tag","embeddable":true,"href":"https:\/\/www.todoeldia.com\/index.php\/wp-json\/wp\/v2\/tags?post=117523"}],"curies":[{"name":"wp","href":"https:\/\/api.w.org\/{rel}","templated":true}]}}