{"id":117539,"date":"2026-09-01T23:13:58","date_gmt":"2026-09-02T02:13:58","guid":{"rendered":"https:\/\/www.todoeldia.com\/?p=117539"},"modified":"2026-09-01T23:13:59","modified_gmt":"2026-09-02T02:13:59","slug":"una-nena-llora-porque-quiere-ver-a-messi-seguir-jugando","status":"publish","type":"post","link":"https:\/\/www.todoeldia.com\/index.php\/2026\/09\/01\/una-nena-llora-porque-quiere-ver-a-messi-seguir-jugando\/","title":{"rendered":"Una nena llora porque quiere ver a Messi seguir jugando"},"content":{"rendered":"\n<p class=\"wp-block-paragraph\">Una peque\u00f1a se volvi\u00f3 viral en redes por su reacci\u00f3n al enterarse del retiro de Lionel Messi. Entre l\u00e1grimas y mucha tristeza, dej\u00f3 en claro que la despedida del \u00eddolo argentino ya le est\u00e1 pegando fuerte.<\/p>\n\n\n\n<p class=\"wp-block-paragraph\">Su carita y su llanto conmovieron a miles de usuarios, que r\u00e1pidamente se sintieron identificados con una sensaci\u00f3n que muchos argentinos todav\u00eda no quieren aceptar<\/p>\n\n\n\n<figure class=\"wp-block-embed is-type-video is-provider-youtube wp-block-embed-youtube wp-embed-aspect-9-16 wp-has-aspect-ratio\"><div class=\"wp-block-embed__wrapper\">\n<div class=\"youtube-embed\" data-video_id=\"\"><iframe loading=\"lazy\" title=\"La reacci\u00f3n viral de una nena tras el retiro de Messi en la selecci\u00f3n #shorts\" width=\"563\" height=\"1000\" src=\"https:\/\/www.youtube.com\/embed\/LkBZYqvPFdg?feature=oembed&#038;enablejsapi=1\" frameborder=\"0\" allow=\"accelerometer; autoplay; clipboard-write; encrypted-media; gyroscope; picture-in-picture; web-share\" referrerpolicy=\"strict-origin-when-cross-origin\" allowfullscreen><\/iframe><\/div>\n<\/div><\/figure>\n","protected":false},"excerpt":{"rendered":"<p>Una peque\u00f1a se volvi\u00f3 viral en redes por su reacci\u00f3n al enterarse del retiro de Lionel Messi. Entre l\u00e1grimas y mucha tristeza, dej\u00f3 en claro que la despedida del \u00eddolo argentino ya le est\u00e1 pegando fuerte. Su carita y su llanto conmovieron a miles de usuarios, que r\u00e1pidamente se sintieron identificados con una sensaci\u00f3n que [&hellip;]<\/p>\n","protected":false},"author":2,"featured_media":117541,"comment_status":"closed","ping_status":"closed","sticky":false,"template":"","format":"standard","meta":{"_joinchat":[],"footnotes":""},"categories":[73],"tags":[],"class_list":["post-117539","post","type-post","status-publish","format-standard","has-post-thumbnail","category-noticias-general"],"amp_enabled":true,"_links":{"self":[{"href":"https:\/\/www.todoeldia.com\/index.php\/wp-json\/wp\/v2\/posts\/117539","targetHints":{"allow":["GET"]}}],"collection":[{"href":"https:\/\/www.todoeldia.com\/index.php\/wp-json\/wp\/v2\/posts"}],"about":[{"href":"https:\/\/www.todoeldia.com\/index.php\/wp-json\/wp\/v2\/types\/post"}],"author":[{"embeddable":true,"href":"https:\/\/www.todoeldia.com\/index.php\/wp-json\/wp\/v2\/users\/2"}],"replies":[{"embeddable":true,"href":"https:\/\/www.todoeldia.com\/index.php\/wp-json\/wp\/v2\/comments?post=117539"}],"version-history":[{"count":1,"href":"https:\/\/www.todoeldia.com\/index.php\/wp-json\/wp\/v2\/posts\/117539\/revisions"}],"predecessor-version":[{"id":117542,"href":"https:\/\/www.todoeldia.com\/index.php\/wp-json\/wp\/v2\/posts\/117539\/revisions\/117542"}],"wp:featuredmedia":[{"embeddable":true,"href":"https:\/\/www.todoeldia.com\/index.php\/wp-json\/wp\/v2\/media\/117541"}],"wp:attachment":[{"href":"https:\/\/www.todoeldia.com\/index.php\/wp-json\/wp\/v2\/media?parent=117539"}],"wp:term":[{"taxonomy":"category","embeddable":true,"href":"https:\/\/www.todoeldia.com\/index.php\/wp-json\/wp\/v2\/categories?post=117539"},{"taxonomy":"post_tag","embeddable":true,"href":"https:\/\/www.todoeldia.com\/index.php\/wp-json\/wp\/v2\/tags?post=117539"}],"curies":[{"name":"wp","href":"https:\/\/api.w.org\/{rel}","templated":true}]}}