{"id":117553,"date":"2026-09-02T10:30:23","date_gmt":"2026-09-02T13:30:23","guid":{"rendered":"https:\/\/www.todoeldia.com\/?p=117553"},"modified":"2026-09-02T10:30:24","modified_gmt":"2026-09-02T13:30:24","slug":"el-concejo-de-tartagal-pidio-saber-que-hace-y-donde-trabaja-el-periodista-julio-ramon-de-vita","status":"publish","type":"post","link":"https:\/\/www.todoeldia.com\/index.php\/2026\/09\/02\/el-concejo-de-tartagal-pidio-saber-que-hace-y-donde-trabaja-el-periodista-julio-ramon-de-vita\/","title":{"rendered":"El Concejo de Tartagal pidi\u00f3 saber qu\u00e9 hace y d\u00f3nde trabaja el periodista Julio Ram\u00f3n De Vita"},"content":{"rendered":"\n<p class=\"wp-block-paragraph\">El caso de Julio Ram\u00f3n De Vita abri\u00f3 un nuevo frente pol\u00edtico en el municipio de Tartagal. El Concejo Deliberante aprob\u00f3 un pedido de informes para determinar qu\u00e9 funci\u00f3n cumple, d\u00f3nde presta servicios y bajo qu\u00e9 condiciones figura dentro de la planta comunal.<\/p>\n\n\n\n<p class=\"wp-block-paragraph\">La discusi\u00f3n sobre la planta municipal de Tartagal sum\u00f3 un nuevo cap\u00edtulo durante la sesi\u00f3n ordinaria del viernes 28 de agosto, luego de que la concejal Margarita Rauch reclamara explicaciones sobre la situaci\u00f3n laboral del periodista Julio Ram\u00f3n De Vita, quien aparece incorporado a la estructura municipal pese a desarrollar su actividad profesional en Salta Capital.<\/p>\n\n\n\n<p class=\"wp-block-paragraph\">El pedido apunta a conocer las funciones espec\u00edficas asignadas a De Vita, su lugar de trabajo, horarios y los fundamentos de su incorporaci\u00f3n mediante la Resoluci\u00f3n N.\u00ba 27.676. Tambi\u00e9n se pretende determinar si la Municipalidad abona su remuneraci\u00f3n y efect\u00faa los correspondientes aportes previsionales y de obra social.<\/p>\n\n\n\n<p class=\"wp-block-paragraph\">Una contrataci\u00f3n que abri\u00f3 un debate mayor<\/p>\n\n\n\n<p class=\"wp-block-paragraph\">Rauch plante\u00f3 que la situaci\u00f3n genera malestar entre trabajadores municipales que esperan desde hace a\u00f1os regularizaciones y pases a planta.<\/p>\n\n\n\n<p class=\"wp-block-paragraph\">La concejal tambi\u00e9n cuestion\u00f3 que, seg\u00fan habr\u00eda manifestado el jefe de Gabinete municipal, Ignacio Ben\u00edtez Ocampo, existir\u00edan otros casos similares. Para la edil, esa explicaci\u00f3n traslad\u00f3 la discusi\u00f3n de un caso particular a un interrogante mucho m\u00e1s amplio: cu\u00e1ntos trabajadores figuran en la Municipalidad de Tartagal, qu\u00e9 funciones cumplen y d\u00f3nde efectivamente desarrollan sus tareas.<\/p>\n\n\n\n<p class=\"wp-block-paragraph\">Por ese motivo, el expediente N.\u00ba 19.944\/2026 no se limita a solicitar informaci\u00f3n sobre De Vita. El Concejo pidi\u00f3 adem\u00e1s la n\u00f3mina de trabajadores contratados alcanzados por resoluciones de incorporaci\u00f3n, con detalle de funciones, horarios y lugares de trabajo.<\/p>\n\n\n\n<p class=\"wp-block-paragraph\">As\u00ed, lo que comenz\u00f3 como un cuestionamiento puntual termin\u00f3 instalando en el recinto una discusi\u00f3n pol\u00edtica sobre los criterios de contrataci\u00f3n, la asignaci\u00f3n de funciones y los mecanismos de control de la administraci\u00f3n municipal.<\/p>\n\n\n\n<p class=\"wp-block-paragraph\">El antecedente de la pauta publicitaria<\/p>\n\n\n\n<p class=\"wp-block-paragraph\">En medio de la controversia tambi\u00e9n volvi\u00f3 a mencionarse una investigaci\u00f3n period\u00edstica publicada a\u00f1os atr\u00e1s, que hab\u00eda consignado pagos de publicidad oficial vinculados al periodista. Seg\u00fan ese relevamiento, De Vita habr\u00eda recibido $4.235.000 entre enero y julio de 2020 y otros $7.260.000 durante 2021.<\/p>\n\n\n\n<p class=\"wp-block-paragraph\">Sin embargo, esos antecedentes corresponden a contrataciones publicitarias y no prueban por s\u00ed mismos ninguna irregularidad en la relaci\u00f3n laboral que ahora analiza el Concejo.<\/p>\n\n\n\n<p class=\"wp-block-paragraph\">El punto que deber\u00e1 responder el Ejecutivo municipal es otro y resulta concreto: por qu\u00e9 Julio Ram\u00f3n De Vita figura como empleado de la Municipalidad de Tartagal, qu\u00e9 tareas tiene asignadas y bajo qu\u00e9 modalidad las desarrolla desde Salta Capital.<\/p>\n\n\n\n<p class=\"wp-block-paragraph\">La respuesta oficial ser\u00e1 ahora la pieza clave para determinar si se trata de una situaci\u00f3n administrativa debidamente justificada o si, como sospecha parte del Concejo, existe un problema m\u00e1s profundo en la conformaci\u00f3n y funcionamiento de la planta municipal.<\/p>\n","protected":false},"excerpt":{"rendered":"<p>El caso de Julio Ram\u00f3n De Vita abri\u00f3 un nuevo frente pol\u00edtico en el municipio de Tartagal. El Concejo Deliberante aprob\u00f3 un pedido de informes para determinar qu\u00e9 funci\u00f3n cumple, d\u00f3nde presta servicios y bajo qu\u00e9 condiciones figura dentro de la planta comunal. La discusi\u00f3n sobre la planta municipal de Tartagal sum\u00f3 un nuevo cap\u00edtulo [&hellip;]<\/p>\n","protected":false},"author":2,"featured_media":117555,"comment_status":"closed","ping_status":"closed","sticky":false,"template":"","format":"standard","meta":{"_joinchat":[],"footnotes":""},"categories":[59],"tags":[],"class_list":["post-117553","post","type-post","status-publish","format-standard","has-post-thumbnail","category-politica"],"amp_enabled":true,"_links":{"self":[{"href":"https:\/\/www.todoeldia.com\/index.php\/wp-json\/wp\/v2\/posts\/117553","targetHints":{"allow":["GET"]}}],"collection":[{"href":"https:\/\/www.todoeldia.com\/index.php\/wp-json\/wp\/v2\/posts"}],"about":[{"href":"https:\/\/www.todoeldia.com\/index.php\/wp-json\/wp\/v2\/types\/post"}],"author":[{"embeddable":true,"href":"https:\/\/www.todoeldia.com\/index.php\/wp-json\/wp\/v2\/users\/2"}],"replies":[{"embeddable":true,"href":"https:\/\/www.todoeldia.com\/index.php\/wp-json\/wp\/v2\/comments?post=117553"}],"version-history":[{"count":1,"href":"https:\/\/www.todoeldia.com\/index.php\/wp-json\/wp\/v2\/posts\/117553\/revisions"}],"predecessor-version":[{"id":117556,"href":"https:\/\/www.todoeldia.com\/index.php\/wp-json\/wp\/v2\/posts\/117553\/revisions\/117556"}],"wp:featuredmedia":[{"embeddable":true,"href":"https:\/\/www.todoeldia.com\/index.php\/wp-json\/wp\/v2\/media\/117555"}],"wp:attachment":[{"href":"https:\/\/www.todoeldia.com\/index.php\/wp-json\/wp\/v2\/media?parent=117553"}],"wp:term":[{"taxonomy":"category","embeddable":true,"href":"https:\/\/www.todoeldia.com\/index.php\/wp-json\/wp\/v2\/categories?post=117553"},{"taxonomy":"post_tag","embeddable":true,"href":"https:\/\/www.todoeldia.com\/index.php\/wp-json\/wp\/v2\/tags?post=117553"}],"curies":[{"name":"wp","href":"https:\/\/api.w.org\/{rel}","templated":true}]}}