{"id":117566,"date":"2026-09-02T12:02:20","date_gmt":"2026-09-02T15:02:20","guid":{"rendered":"https:\/\/www.todoeldia.com\/?p=117566"},"modified":"2026-09-02T12:02:20","modified_gmt":"2026-09-02T15:02:20","slug":"formalizaron-la-imputacion-contra-el-intendente-de-pichanal-por-la-muerte-de-un-motociclista-en-jujuy","status":"publish","type":"post","link":"https:\/\/www.todoeldia.com\/index.php\/2026\/09\/02\/formalizaron-la-imputacion-contra-el-intendente-de-pichanal-por-la-muerte-de-un-motociclista-en-jujuy\/","title":{"rendered":"Formalizaron la imputaci\u00f3n contra el intendente de Pichanal por la muerte de un motociclista en Jujuy"},"content":{"rendered":"\n<p class=\"wp-block-paragraph\">En el marco de la Investigaci\u00f3n Penal Preparatoria (IPP) iniciada por el siniestro vial fatal ocurrido el pasado 18 de agosto sobre la Ruta Nacional N\u00ba 34.<\/p>\n\n\n\n<p class=\"wp-block-paragraph\">Se realiz\u00f3 la audiencia imputativa contra Julio Jalit, intendente de la localidad de Pichanal en la provincia de Salta, quien qued\u00f3 sometido a proceso por el delito de homicidio culposo agravado por la conducci\u00f3n de un veh\u00edculo automotor.<\/p>\n\n\n\n<p class=\"wp-block-paragraph\">La IPP se encuentra bajo la direcci\u00f3n del Fiscal Lian Resua, de la Fiscal\u00eda de Investigaci\u00f3n Penal San Pedro N\u00b0 3.<\/p>\n\n\n\n<p class=\"wp-block-paragraph\">J.A.J. se present\u00f3 a la audiencia imputativa acompa\u00f1ado por su abogado defensor. En esa instancia se le hizo conocer el hecho que se le atribuye y la respectiva acusaci\u00f3n. El imputado hizo uso de su derecho de abstenerse de prestar declaraci\u00f3n.<\/p>\n\n\n\n<p class=\"wp-block-paragraph\">Respecto a las medidas desarrolladas en la investigaci\u00f3n, ya se realiz\u00f3 la pericia psicol\u00f3gica correspondiente y se dio inicio al estudio social del imputado.<\/p>\n\n\n\n<p class=\"wp-block-paragraph\">La investigaci\u00f3n contin\u00faa a la espera del informe final de la pericia accidentol\u00f3gica, que ser\u00e1 realizado por un perito crimin\u00f3logo del Organismo de Investigaci\u00f3n del Ministerio P\u00fablico de la Acusaci\u00f3n. Este informe permitir\u00e1 avanzar en la determinaci\u00f3n de la mec\u00e1nica del hecho y las circunstancias en las que se produjo la colisi\u00f3n.<\/p>\n\n\n\n<figure class=\"wp-block-image size-full is-resized\"><img loading=\"lazy\" decoding=\"async\" width=\"742\" height=\"650\" src=\"https:\/\/www.todoeldia.com\/wp-content\/uploads\/2022\/10\/julio-jalit.jpg\" alt=\"\" class=\"wp-image-46223\" style=\"width:965px;height:auto\" srcset=\"https:\/\/www.todoeldia.com\/wp-content\/uploads\/2022\/10\/julio-jalit.jpg 742w, https:\/\/www.todoeldia.com\/wp-content\/uploads\/2022\/10\/julio-jalit-300x263.jpg 300w, https:\/\/www.todoeldia.com\/wp-content\/uploads\/2022\/10\/julio-jalit-696x610.jpg 696w, https:\/\/www.todoeldia.com\/wp-content\/uploads\/2022\/10\/julio-jalit-479x420.jpg 479w\" sizes=\"auto, (max-width: 742px) 100vw, 742px\" \/><\/figure>\n\n\n\n<p class=\"wp-block-paragraph\"><strong>Julio Jalit<\/strong><\/p>\n\n\n\n<p class=\"wp-block-paragraph\">El hecho investigado ocurri\u00f3 cuando R.M.G., quien se desplazaba en una motocicleta, habr\u00eda sido colisionado con una camioneta que era conducida por Jalit. Como consecuencia del impacto, el motociclista sufri\u00f3 un traumatismo enc\u00e9falo-craneal grave que le provoc\u00f3 la muerte en el lugar.<\/p>\n\n\n\n<p class=\"wp-block-paragraph\">Hasta el momento no se registr\u00f3 la constituci\u00f3n de querella particular.<\/p>\n\n\n\n<p class=\"wp-block-paragraph\">La investigaci\u00f3n contin\u00faa mientras se aguarda la incorporaci\u00f3n de la pericia accidentol\u00f3gica y dem\u00e1s elementos pendientes.<\/p>\n","protected":false},"excerpt":{"rendered":"<p>En el marco de la Investigaci\u00f3n Penal Preparatoria (IPP) iniciada por el siniestro vial fatal ocurrido el pasado 18 de agosto sobre la Ruta Nacional N\u00ba 34. Se realiz\u00f3 la audiencia imputativa contra Julio Jalit, intendente de la localidad de Pichanal en la provincia de Salta, quien qued\u00f3 sometido a proceso por el delito de [&hellip;]<\/p>\n","protected":false},"author":2,"featured_media":117568,"comment_status":"closed","ping_status":"closed","sticky":false,"template":"","format":"standard","meta":{"_joinchat":[],"footnotes":""},"categories":[63],"tags":[],"class_list":["post-117566","post","type-post","status-publish","format-standard","has-post-thumbnail","category-policiales"],"amp_enabled":true,"_links":{"self":[{"href":"https:\/\/www.todoeldia.com\/index.php\/wp-json\/wp\/v2\/posts\/117566","targetHints":{"allow":["GET"]}}],"collection":[{"href":"https:\/\/www.todoeldia.com\/index.php\/wp-json\/wp\/v2\/posts"}],"about":[{"href":"https:\/\/www.todoeldia.com\/index.php\/wp-json\/wp\/v2\/types\/post"}],"author":[{"embeddable":true,"href":"https:\/\/www.todoeldia.com\/index.php\/wp-json\/wp\/v2\/users\/2"}],"replies":[{"embeddable":true,"href":"https:\/\/www.todoeldia.com\/index.php\/wp-json\/wp\/v2\/comments?post=117566"}],"version-history":[{"count":1,"href":"https:\/\/www.todoeldia.com\/index.php\/wp-json\/wp\/v2\/posts\/117566\/revisions"}],"predecessor-version":[{"id":117569,"href":"https:\/\/www.todoeldia.com\/index.php\/wp-json\/wp\/v2\/posts\/117566\/revisions\/117569"}],"wp:featuredmedia":[{"embeddable":true,"href":"https:\/\/www.todoeldia.com\/index.php\/wp-json\/wp\/v2\/media\/117568"}],"wp:attachment":[{"href":"https:\/\/www.todoeldia.com\/index.php\/wp-json\/wp\/v2\/media?parent=117566"}],"wp:term":[{"taxonomy":"category","embeddable":true,"href":"https:\/\/www.todoeldia.com\/index.php\/wp-json\/wp\/v2\/categories?post=117566"},{"taxonomy":"post_tag","embeddable":true,"href":"https:\/\/www.todoeldia.com\/index.php\/wp-json\/wp\/v2\/tags?post=117566"}],"curies":[{"name":"wp","href":"https:\/\/api.w.org\/{rel}","templated":true}]}}