{"id":117587,"date":"2026-09-02T13:34:59","date_gmt":"2026-09-02T16:34:59","guid":{"rendered":"https:\/\/www.todoeldia.com\/?p=117587"},"modified":"2026-09-02T13:35:00","modified_gmt":"2026-09-02T16:35:00","slug":"los-viajes-de-franquito-el-intendente-de-tartagal-41-salidas-del-pais-y-mas-de-90-dias-registrados-en-el-exterior","status":"publish","type":"post","link":"https:\/\/www.todoeldia.com\/index.php\/2026\/09\/02\/los-viajes-de-franquito-el-intendente-de-tartagal-41-salidas-del-pais-y-mas-de-90-dias-registrados-en-el-exterior\/","title":{"rendered":"Los viajes de Franquito el Intendente de Tartagal: 41 salidas del pa\u00eds y m\u00e1s de 90 d\u00edas registrados en el exterior"},"content":{"rendered":"\n<p class=\"wp-block-paragraph\">\u00daltimamente los medios de comunicaci\u00f3n comienzan a recibir informaci\u00f3n tan sensible que hasta da miedo. Tartagal Play recibi\u00f3 un listado en PDF de 12 p\u00e1ginas que consigna la entrada y salida del intendente de Tartagal desde el 23 de enero de 2009 a la fecha.&nbsp;<\/p>\n\n\n\n<p class=\"wp-block-paragraph\">Los registros de movimientos migratorios analizados permiten reconstruir al menos 41 salidas de Argentina realizadas por el intendente de Tartagal, Franco Hern\u00e1ndez Berni, desde diciembre de 2023 hasta agosto de 2026.<\/p>\n\n\n\n<p class=\"wp-block-paragraph\">El relevamiento comprende los movimientos registrados entre el 10 de diciembre de 2023 y el 28 de agosto de 2026, fecha correspondiente al \u00faltimo ingreso documentado. En ese per\u00edodo se contabilizan 41 salidas del pa\u00eds, con una duraci\u00f3n acumulada de aproximadamente 92 d\u00edas entre salidas y los ingresos posteriores registrados.<\/p>\n\n\n\n<p class=\"wp-block-paragraph\">El an\u00e1lisis muestra que la frecuencia y duraci\u00f3n de los viajes no fue uniforme. Durante 2024 se concentr\u00f3 la mayor cantidad de cruces, aunque muchos fueron estad\u00edas de pocas horas. En 2025 disminuy\u00f3 la cantidad de salidas, pero aument\u00f3 la duraci\u00f3n de algunos viajes. En 2026, en tanto, se observa una mayor cantidad de estad\u00edas prolongadas.<\/p>\n\n\n\n<p class=\"wp-block-paragraph\">Los viajes m\u00e1s prolongados<\/p>\n\n\n\n<figure class=\"wp-block-image size-full is-resized\"><img loading=\"lazy\" decoding=\"async\" width=\"654\" height=\"450\" src=\"https:\/\/www.todoeldia.com\/wp-content\/uploads\/2025\/07\/hernandez-berni.jpg\" alt=\"\" class=\"wp-image-97608\" style=\"width:955px;height:auto\" srcset=\"https:\/\/www.todoeldia.com\/wp-content\/uploads\/2025\/07\/hernandez-berni.jpg 654w, https:\/\/www.todoeldia.com\/wp-content\/uploads\/2025\/07\/hernandez-berni-300x206.jpg 300w, https:\/\/www.todoeldia.com\/wp-content\/uploads\/2025\/07\/hernandez-berni-610x420.jpg 610w, https:\/\/www.todoeldia.com\/wp-content\/uploads\/2025\/07\/hernandez-berni-218x150.jpg 218w, https:\/\/www.todoeldia.com\/wp-content\/uploads\/2025\/07\/hernandez-berni-100x70.jpg 100w\" sizes=\"auto, (max-width: 654px) 100vw, 654px\" \/><figcaption class=\"wp-element-caption\">&#8220;Franquito&#8221; Hernandez Berni<\/figcaption><\/figure>\n\n\n\n<p class=\"wp-block-paragraph\">Entre el 10 de diciembre de 2023 y el 3 de mayo de 2026 aparecen tres viajes que superaron los cinco d\u00edas.<\/p>\n\n\n\n<p class=\"wp-block-paragraph\">El primero se inici\u00f3 el 25 de octubre de 2024 y finaliz\u00f3 el 4 de noviembre, con una duraci\u00f3n aproximada de 9,8 d\u00edas.<\/p>\n\n\n\n<p class=\"wp-block-paragraph\">El segundo ocurri\u00f3 entre el 16 y el 25 de septiembre de 2025 y tuvo una duraci\u00f3n aproximada de 8,8 d\u00edas. En este caso, el registro identifica una salida a\u00e9rea desde Ezeiza mediante Copa con destino Panam\u00e1 y un posterior ingreso por Tucum\u00e1n.<\/p>\n\n\n\n<p class=\"wp-block-paragraph\">El viaje m\u00e1s extenso de este per\u00edodo se inici\u00f3 el 16 de enero de 2026 y termin\u00f3 el 31 de enero. El intervalo entre ambos movimientos fue de aproximadamente 14,6 d\u00edas. La salida figura por Salvador Mazza-Yacuiba, mientras que el ingreso fue registrado en el aeropuerto de Salta, mediante el vuelo LP-2437 de LAN, procedente de Per\u00fa.<\/p>\n\n\n\n<p class=\"wp-block-paragraph\">Un viaje de 13 d\u00edas en mayo de 2026<\/p>\n\n\n\n<p class=\"wp-block-paragraph\">A partir del 4 de mayo de 2026 se registra otro viaje prolongado.<\/p>\n\n\n\n<p class=\"wp-block-paragraph\">El 8 de mayo, a las 00:33, Hern\u00e1ndez Berni sali\u00f3 del pa\u00eds desde el aeropuerto de Salta en el vuelo CM-0733 de Copa, con destino Panam\u00e1. El siguiente ingreso registrado se produjo el 21 de mayo a las 13:35, por el paso Salvador Mazza-Yacuiba.<\/p>\n\n\n\n<p class=\"wp-block-paragraph\">El intervalo entre ambos movimientos es de aproximadamente 13,5 d\u00edas.<\/p>\n\n\n\n<p class=\"wp-block-paragraph\">El registro migratorio no permite establecer d\u00f3nde permaneci\u00f3 durante todo ese per\u00edodo ni reconstruir todos sus desplazamientos intermedios. Por ese motivo, el dato debe ser presentado como el tiempo transcurrido entre la salida y el siguiente ingreso registrado, y no necesariamente como una permanencia \u00edntegra en Panam\u00e1.<\/p>\n\n\n\n<p class=\"wp-block-paragraph\">La frecuencia de los cruces<\/p>\n\n\n\n<p class=\"wp-block-paragraph\">La reconstrucci\u00f3n tambi\u00e9n permite observar per\u00edodos de elevada frecuencia de viajes.<\/p>\n\n\n\n<p class=\"wp-block-paragraph\">Uno de los casos m\u00e1s llamativos se registra entre octubre y noviembre de 2024. En ese per\u00edodo aparecen sucesivas salidas e ingresos por Salvador Mazza-Yacuiba, incluyendo movimientos realizados con apenas horas de diferencia.<\/p>\n\n\n\n<p class=\"wp-block-paragraph\">Por ejemplo, despu\u00e9s del ingreso registrado el 4 de noviembre a las 16:14, aparece una nueva salida a las 16:39 del mismo d\u00eda. El 9 de noviembre tambi\u00e9n se registran dos salidas, separadas por menos de cinco horas.<\/p>\n\n\n\n<p class=\"wp-block-paragraph\">Estos movimientos muestran que el n\u00famero de salidas no necesariamente equivale a la cantidad de viajes internacionales de larga duraci\u00f3n: una parte importante corresponde a cruces de corta permanencia.<\/p>\n\n\n\n<p class=\"wp-block-paragraph\">2026 concentra los viajes m\u00e1s largos<\/p>\n\n\n\n<p class=\"wp-block-paragraph\">La comparaci\u00f3n anual muestra un cambio en el patr\u00f3n registrado.<\/p>\n\n\n\n<p class=\"wp-block-paragraph\">En 2024 se contabilizan 17 salidas, pero la mayor\u00eda correspondi\u00f3 a estad\u00edas de pocas horas. En 2025 aparecen 13 salidas, con algunas permanencias de varios d\u00edas. En 2026, hasta agosto, se contabilizan 11 salidas y varias de ellas corresponden a per\u00edodos considerablemente m\u00e1s extensos.<\/p>\n\n\n\n<p class=\"wp-block-paragraph\">Entre las estad\u00edas m\u00e1s prolongadas de 2026 se encuentran el viaje del 16 al 31 de enero, de aproximadamente 14,6 d\u00edas; el viaje del 8 al 21 de mayo, de aproximadamente 13,5 d\u00edas; y el viaje del 15 al 24 de junio, de aproximadamente 9 d\u00edas.<\/p>\n\n\n\n<p class=\"wp-block-paragraph\">El \u00faltimo movimiento registrado corresponde a una salida del 23 de agosto de 2026. El posterior ingreso, registrado el 28 de agosto, completa un viaje de aproximadamente 4,2 d\u00edas.<\/p>\n\n\n\n<p class=\"wp-block-paragraph\">Qu\u00e9 muestran y qu\u00e9 no muestran los registros<\/p>\n\n\n\n<p class=\"wp-block-paragraph\">Los datos permiten establecer fechas, horas, pasos fronterizos, aeropuertos, empresas a\u00e9reas y destinos o procedencias consignados en los movimientos migratorios.<\/p>\n\n\n\n<p class=\"wp-block-paragraph\">Sin embargo, los registros no permiten determinar por s\u00ed solos cu\u00e1l fue el motivo de cada viaje, d\u00f3nde permaneci\u00f3 exactamente la persona durante todo el per\u00edodo comprendido entre una salida y un ingreso, ni qu\u00e9 actividades desarroll\u00f3 durante esas estad\u00edas.<\/p>\n\n\n\n<p class=\"wp-block-paragraph\">Por eso, los datos permiten reconstruir la frecuencia y duraci\u00f3n de los movimientos registrados, pero cualquier conclusi\u00f3n sobre el motivo o destino final de un viaje requiere documentaci\u00f3n adicional.<\/p>\n\n\n\n<p class=\"wp-block-paragraph\">La Municipalidad de Tartagal identifica oficialmente a Franco Hern\u00e1ndez Berni como intendente y registra p\u00fablicamente su participaci\u00f3n en distintas actividades institucionales. Entre ellas figuran actos oficiales, reuniones con funcionarios provinciales y actividades protocolares realizadas durante 2026.<\/p>\n","protected":false},"excerpt":{"rendered":"<p>\u00daltimamente los medios de comunicaci\u00f3n comienzan a recibir informaci\u00f3n tan sensible que hasta da miedo. Tartagal Play recibi\u00f3 un listado en PDF de 12 p\u00e1ginas que consigna la entrada y salida del intendente de Tartagal desde el 23 de enero de 2009 a la fecha.&nbsp; Los registros de movimientos migratorios analizados permiten reconstruir al menos [&hellip;]<\/p>\n","protected":false},"author":2,"featured_media":83289,"comment_status":"closed","ping_status":"closed","sticky":false,"template":"","format":"standard","meta":{"_joinchat":[],"footnotes":""},"categories":[59],"tags":[],"class_list":["post-117587","post","type-post","status-publish","format-standard","has-post-thumbnail","category-politica"],"amp_enabled":true,"_links":{"self":[{"href":"https:\/\/www.todoeldia.com\/index.php\/wp-json\/wp\/v2\/posts\/117587","targetHints":{"allow":["GET"]}}],"collection":[{"href":"https:\/\/www.todoeldia.com\/index.php\/wp-json\/wp\/v2\/posts"}],"about":[{"href":"https:\/\/www.todoeldia.com\/index.php\/wp-json\/wp\/v2\/types\/post"}],"author":[{"embeddable":true,"href":"https:\/\/www.todoeldia.com\/index.php\/wp-json\/wp\/v2\/users\/2"}],"replies":[{"embeddable":true,"href":"https:\/\/www.todoeldia.com\/index.php\/wp-json\/wp\/v2\/comments?post=117587"}],"version-history":[{"count":1,"href":"https:\/\/www.todoeldia.com\/index.php\/wp-json\/wp\/v2\/posts\/117587\/revisions"}],"predecessor-version":[{"id":117589,"href":"https:\/\/www.todoeldia.com\/index.php\/wp-json\/wp\/v2\/posts\/117587\/revisions\/117589"}],"wp:featuredmedia":[{"embeddable":true,"href":"https:\/\/www.todoeldia.com\/index.php\/wp-json\/wp\/v2\/media\/83289"}],"wp:attachment":[{"href":"https:\/\/www.todoeldia.com\/index.php\/wp-json\/wp\/v2\/media?parent=117587"}],"wp:term":[{"taxonomy":"category","embeddable":true,"href":"https:\/\/www.todoeldia.com\/index.php\/wp-json\/wp\/v2\/categories?post=117587"},{"taxonomy":"post_tag","embeddable":true,"href":"https:\/\/www.todoeldia.com\/index.php\/wp-json\/wp\/v2\/tags?post=117587"}],"curies":[{"name":"wp","href":"https:\/\/api.w.org\/{rel}","templated":true}]}}