{"id":117592,"date":"2026-09-02T13:53:01","date_gmt":"2026-09-02T16:53:01","guid":{"rendered":"https:\/\/www.todoeldia.com\/?p=117592"},"modified":"2026-09-02T13:53:02","modified_gmt":"2026-09-02T16:53:02","slug":"vuelven-los-placeros-a-las-plazas-de-salta-custodiaran-los-espacios-verdes","status":"publish","type":"post","link":"https:\/\/www.todoeldia.com\/index.php\/2026\/09\/02\/vuelven-los-placeros-a-las-plazas-de-salta-custodiaran-los-espacios-verdes\/","title":{"rendered":"Vuelven los placeros a las plazas de Salta: custodiar\u00e1n los espacios verdes"},"content":{"rendered":"\n<p class=\"wp-block-paragraph\">Despu\u00e9s de a\u00f1os de ausencia, una figura tradicional de las plazas volver\u00e1 a ocupar un lugar visible en los espacios p\u00fablicos de la ciudad de Salta. La Municipalidad pondr\u00e1 en marcha el programa \u201cGuarda Plazas\u201d, que comenzar\u00e1 en los parques y plazas de mayor concurrencia y tendr\u00e1 como objetivo reforzar el mantenimiento, la seguridad y el cuidado cotidiano.<\/p>\n\n\n\n<p class=\"wp-block-paragraph\">Los placeros estar\u00e1n identificados con uniformes de color naranja y tendr\u00e1n a su cargo tareas de limpieza, riego, recolecci\u00f3n de residuos menores y cuidado de canteros. Tambi\u00e9n deber\u00e1n recorrer peri\u00f3dicamente cada espacio para detectar da\u00f1os en juegos infantiles, luminarias, bancos, cestos, carteler\u00eda y veredas.<\/p>\n\n\n\n<p class=\"wp-block-paragraph\">Pero su funci\u00f3n ir\u00e1 m\u00e1s all\u00e1 del mantenimiento. Los trabajadores deber\u00e1n advertir r\u00e1pidamente sobre actos de vandalismo, p\u00e9rdidas de agua o situaciones que puedan representar un riesgo para los vecinos y comunicarlo al \u00e1rea municipal correspondiente. Adem\u00e1s, recibir\u00e1n capacitaci\u00f3n en RCP y primeros auxilios y podr\u00e1n solicitar la intervenci\u00f3n de preventores urbanos u otras \u00e1reas cuando la situaci\u00f3n lo requiera.<\/p>\n\n\n\n<figure class=\"wp-block-image size-full is-resized\"><img loading=\"lazy\" decoding=\"async\" width=\"642\" height=\"355\" src=\"https:\/\/www.todoeldia.com\/wp-content\/uploads\/2026\/09\/image-10.png\" alt=\"\" class=\"wp-image-117594\" style=\"width:974px;height:auto\" srcset=\"https:\/\/www.todoeldia.com\/wp-content\/uploads\/2026\/09\/image-10.png 642w, https:\/\/www.todoeldia.com\/wp-content\/uploads\/2026\/09\/image-10-300x166.png 300w, https:\/\/www.todoeldia.com\/wp-content\/uploads\/2026\/09\/image-10-298x165.png 298w, https:\/\/www.todoeldia.com\/wp-content\/uploads\/2026\/09\/image-10-324x179.png 324w\" sizes=\"auto, (max-width: 642px) 100vw, 642px\" \/><\/figure>\n\n\n\n<p class=\"wp-block-paragraph\">\u201cBuscamos aumentar el cuidado del espacio p\u00fablico y de las personas que disfrutan de la plaza\u201d, se\u00f1al\u00f3 Esteban Carral, secretario de Espacios P\u00fablicos y Protecci\u00f3n Ciudadana, al destacar que la iniciativa apunta a recuperar el v\u00ednculo cotidiano entre los vecinos y los espacios verdes.<\/p>\n\n\n\n<p class=\"wp-block-paragraph\">Sin nuevos empleados municipales<\/p>\n\n\n\n<p class=\"wp-block-paragraph\">La implementaci\u00f3n del programa no significar\u00e1 sumar personal a la planta municipal. La Municipalidad realizar\u00e1 una selecci\u00f3n interna entre trabajadores con experiencia, que ser\u00e1n destinados a los distintos espacios de acuerdo con las necesidades de cada lugar.<\/p>\n\n\n\n<p class=\"wp-block-paragraph\">La medida se presenta como una segunda etapa del proceso de recuperaci\u00f3n de plazas y parques: primero se busca ponerlos nuevamente en condiciones y ahora garantizar una presencia permanente que permita conservarlos, detectar problemas a tiempo y evitar su deterioro.<\/p>\n\n\n\n<p class=\"wp-block-paragraph\">As\u00ed, los tradicionales placeros volver\u00e1n a convertirse en una presencia cotidiana en las plazas salte\u00f1as: ser\u00e1n los encargados de mirar, recorrer, cuidar y responder ante las necesidades de un espacio p\u00fablico que busca recuperar su lugar como punto de encuentro de los vecinos.<\/p>\n","protected":false},"excerpt":{"rendered":"<p>Despu\u00e9s de a\u00f1os de ausencia, una figura tradicional de las plazas volver\u00e1 a ocupar un lugar visible en los espacios p\u00fablicos de la ciudad de Salta. La Municipalidad pondr\u00e1 en marcha el programa \u201cGuarda Plazas\u201d, que comenzar\u00e1 en los parques y plazas de mayor concurrencia y tendr\u00e1 como objetivo reforzar el mantenimiento, la seguridad y [&hellip;]<\/p>\n","protected":false},"author":2,"featured_media":93513,"comment_status":"closed","ping_status":"closed","sticky":false,"template":"","format":"standard","meta":{"_joinchat":[],"footnotes":""},"categories":[73],"tags":[],"class_list":["post-117592","post","type-post","status-publish","format-standard","has-post-thumbnail","category-noticias-general"],"amp_enabled":true,"_links":{"self":[{"href":"https:\/\/www.todoeldia.com\/index.php\/wp-json\/wp\/v2\/posts\/117592","targetHints":{"allow":["GET"]}}],"collection":[{"href":"https:\/\/www.todoeldia.com\/index.php\/wp-json\/wp\/v2\/posts"}],"about":[{"href":"https:\/\/www.todoeldia.com\/index.php\/wp-json\/wp\/v2\/types\/post"}],"author":[{"embeddable":true,"href":"https:\/\/www.todoeldia.com\/index.php\/wp-json\/wp\/v2\/users\/2"}],"replies":[{"embeddable":true,"href":"https:\/\/www.todoeldia.com\/index.php\/wp-json\/wp\/v2\/comments?post=117592"}],"version-history":[{"count":1,"href":"https:\/\/www.todoeldia.com\/index.php\/wp-json\/wp\/v2\/posts\/117592\/revisions"}],"predecessor-version":[{"id":117595,"href":"https:\/\/www.todoeldia.com\/index.php\/wp-json\/wp\/v2\/posts\/117592\/revisions\/117595"}],"wp:featuredmedia":[{"embeddable":true,"href":"https:\/\/www.todoeldia.com\/index.php\/wp-json\/wp\/v2\/media\/93513"}],"wp:attachment":[{"href":"https:\/\/www.todoeldia.com\/index.php\/wp-json\/wp\/v2\/media?parent=117592"}],"wp:term":[{"taxonomy":"category","embeddable":true,"href":"https:\/\/www.todoeldia.com\/index.php\/wp-json\/wp\/v2\/categories?post=117592"},{"taxonomy":"post_tag","embeddable":true,"href":"https:\/\/www.todoeldia.com\/index.php\/wp-json\/wp\/v2\/tags?post=117592"}],"curies":[{"name":"wp","href":"https:\/\/api.w.org\/{rel}","templated":true}]}}