{"id":117599,"date":"2026-09-02T14:46:38","date_gmt":"2026-09-02T17:46:38","guid":{"rendered":"https:\/\/www.todoeldia.com\/?p=117599"},"modified":"2026-09-02T14:47:33","modified_gmt":"2026-09-02T17:47:33","slug":"rediseno-vial-en-el-microcentro-la-municipalidad-remueve-los-bicicleteros-de-la-belgrano-y-encara-obras-integrales","status":"publish","type":"post","link":"https:\/\/www.todoeldia.com\/index.php\/2026\/09\/02\/rediseno-vial-en-el-microcentro-la-municipalidad-remueve-los-bicicleteros-de-la-belgrano-y-encara-obras-integrales\/","title":{"rendered":"Redise\u00f1o vial en el microcentro: la Municipalidad remueve los bicicleteros de la Belgrano y encara obras integrales"},"content":{"rendered":"\n<p class=\"wp-block-paragraph\">El flujo vehicular y peatonal del microcentro salte\u00f1o se encamina hacia una profunda transformaci\u00f3n. Tras los primeros anuncios del intendente Emiliano Durand sobre la intervenci\u00f3n de los principales ejes viales de la ciudad, la Municipalidad confirm\u00f3 el inicio de un plan de reordenamiento integral que comenzar\u00e1 con el retiro y reubicaci\u00f3n de los bicicleteros instalados sobre la avenida Belgrano, junto con una serie de obras estructurales sobre la avenida San Mart\u00edn.<\/p>\n\n\n\n<p class=\"wp-block-paragraph\">La medida responde a sucesivos reclamos de conductores y peatones que advert\u00edan sobre los cuellos de botella generados por el mobiliario urbano. El secretario de Obras P\u00fablicas, Gast\u00f3n Viola, fue el encargado de ratificar la decisi\u00f3n oficial: \u201cVamos a movilizar los bicicleteros, ya que generaban alg\u00fan tipo de contenci\u00f3n y no facilitaban el tr\u00e1nsito de la ciudad\u201d. A esta remoci\u00f3n se sumar\u00e1 el despeje de diversas estructuras de hormig\u00f3n que actualmente reducen el espacio de circulaci\u00f3n.<\/p>\n\n\n\n<figure class=\"wp-block-image size-full is-resized\"><img loading=\"lazy\" decoding=\"async\" width=\"860\" height=\"639\" src=\"https:\/\/www.todoeldia.com\/wp-content\/uploads\/2026\/09\/image-12.png\" alt=\"\" class=\"wp-image-117605\" style=\"width:966px;height:auto\" srcset=\"https:\/\/www.todoeldia.com\/wp-content\/uploads\/2026\/09\/image-12.png 860w, https:\/\/www.todoeldia.com\/wp-content\/uploads\/2026\/09\/image-12-300x223.png 300w, https:\/\/www.todoeldia.com\/wp-content\/uploads\/2026\/09\/image-12-80x59.png 80w, https:\/\/www.todoeldia.com\/wp-content\/uploads\/2026\/09\/image-12-767x570.png 767w, https:\/\/www.todoeldia.com\/wp-content\/uploads\/2026\/09\/image-12-201x149.png 201w, https:\/\/www.todoeldia.com\/wp-content\/uploads\/2026\/09\/image-12-299x222.png 299w, https:\/\/www.todoeldia.com\/wp-content\/uploads\/2026\/09\/image-12-323x240.png 323w, https:\/\/www.todoeldia.com\/wp-content\/uploads\/2026\/09\/image-12-484x360.png 484w, https:\/\/www.todoeldia.com\/wp-content\/uploads\/2026\/09\/image-12-696x517.png 696w\" sizes=\"auto, (max-width: 860px) 100vw, 860px\" \/><\/figure>\n\n\n\n<p class=\"wp-block-paragraph\">Los trabajos, orientados a optimizar la iluminaci\u00f3n, la accesibilidad universal y la fluidez del tr\u00e1nsito, se desplegar\u00e1n en dos frentes simult\u00e1neos:<\/p>\n\n\n\n<p class=\"wp-block-paragraph\">Avenida San Mart\u00edn (desde Ayacucho hasta Bicentenario): Se ejecutar\u00e1n mejoras en el alumbrado p\u00fablico \u2014tanto sobre calzada como en veredas\u2014, intervenciones urbanas en los alrededores del Mercado San Miguel, adecuaci\u00f3n de paradas de colectivos y la construcci\u00f3n de rampas de accesibilidad en las esquinas.<\/p>\n\n\n\n<p class=\"wp-block-paragraph\">Avenida Belgrano (desde Jun\u00edn hasta Pueyrred\u00f3n): Las cuadrillas se enfocar\u00e1n en la renovaci\u00f3n del sistema de iluminaci\u00f3n, la reparaci\u00f3n de esquinas y la adecuaci\u00f3n de rampas peatonales para agilizar el tr\u00e1nsito vehicular y peatonal.<\/p>\n\n\n\n<p class=\"wp-block-paragraph\">Prioridades urbanas y balance del proyecto<\/p>\n\n\n\n<p class=\"wp-block-paragraph\">Frente a las especulaciones sobre posibles reformas de mayor escala, desde la Comuna aclararon que no est\u00e1 previsto el ensanchamiento de veredas. Seg\u00fan precisaron los t\u00e9cnicos municipales, una obra de tal magnitud implicar\u00eda plazos de ejecuci\u00f3n prolongados y generar\u00eda un impacto negativo severo en la congesti\u00f3n vehicular de la zona c\u00e9ntrica.<\/p>\n","protected":false},"excerpt":{"rendered":"<p>El flujo vehicular y peatonal del microcentro salte\u00f1o se encamina hacia una profunda transformaci\u00f3n. Tras los primeros anuncios del intendente Emiliano Durand sobre la intervenci\u00f3n de los principales ejes viales de la ciudad, la Municipalidad confirm\u00f3 el inicio de un plan de reordenamiento integral que comenzar\u00e1 con el retiro y reubicaci\u00f3n de los bicicleteros instalados [&hellip;]<\/p>\n","protected":false},"author":2,"featured_media":117601,"comment_status":"closed","ping_status":"closed","sticky":false,"template":"","format":"standard","meta":{"_joinchat":[],"footnotes":""},"categories":[73],"tags":[],"class_list":["post-117599","post","type-post","status-publish","format-standard","has-post-thumbnail","category-noticias-general"],"amp_enabled":true,"_links":{"self":[{"href":"https:\/\/www.todoeldia.com\/index.php\/wp-json\/wp\/v2\/posts\/117599","targetHints":{"allow":["GET"]}}],"collection":[{"href":"https:\/\/www.todoeldia.com\/index.php\/wp-json\/wp\/v2\/posts"}],"about":[{"href":"https:\/\/www.todoeldia.com\/index.php\/wp-json\/wp\/v2\/types\/post"}],"author":[{"embeddable":true,"href":"https:\/\/www.todoeldia.com\/index.php\/wp-json\/wp\/v2\/users\/2"}],"replies":[{"embeddable":true,"href":"https:\/\/www.todoeldia.com\/index.php\/wp-json\/wp\/v2\/comments?post=117599"}],"version-history":[{"count":2,"href":"https:\/\/www.todoeldia.com\/index.php\/wp-json\/wp\/v2\/posts\/117599\/revisions"}],"predecessor-version":[{"id":117606,"href":"https:\/\/www.todoeldia.com\/index.php\/wp-json\/wp\/v2\/posts\/117599\/revisions\/117606"}],"wp:featuredmedia":[{"embeddable":true,"href":"https:\/\/www.todoeldia.com\/index.php\/wp-json\/wp\/v2\/media\/117601"}],"wp:attachment":[{"href":"https:\/\/www.todoeldia.com\/index.php\/wp-json\/wp\/v2\/media?parent=117599"}],"wp:term":[{"taxonomy":"category","embeddable":true,"href":"https:\/\/www.todoeldia.com\/index.php\/wp-json\/wp\/v2\/categories?post=117599"},{"taxonomy":"post_tag","embeddable":true,"href":"https:\/\/www.todoeldia.com\/index.php\/wp-json\/wp\/v2\/tags?post=117599"}],"curies":[{"name":"wp","href":"https:\/\/api.w.org\/{rel}","templated":true}]}}