{"id":117608,"date":"2026-09-02T14:57:53","date_gmt":"2026-09-02T17:57:53","guid":{"rendered":"https:\/\/www.todoeldia.com\/?p=117608"},"modified":"2026-09-02T14:57:54","modified_gmt":"2026-09-02T17:57:54","slug":"apuesta-al-futuro-en-rosario-de-la-frontera-formacion-tecnica-y-trabajo-real-ante-el-auge-minero","status":"publish","type":"post","link":"https:\/\/www.todoeldia.com\/index.php\/2026\/09\/02\/apuesta-al-futuro-en-rosario-de-la-frontera-formacion-tecnica-y-trabajo-real-ante-el-auge-minero\/","title":{"rendered":"Apuesta al futuro en Rosario de la Frontera: formaci\u00f3n t\u00e9cnica y trabajo real ante el auge minero"},"content":{"rendered":"\n<p class=\"wp-block-paragraph\">En una jornada marcada por el entusiasmo y la convocatoria, el intendente Kuldeep Singh dej\u00f3 formalmente inaugurado el nuevo curso de capacitaci\u00f3n en manejo de maquinaria pesada orientado espec\u00edficamente a pala cargadora y retropala, una iniciativa estrat\u00e9gica impulsada para dar respuesta al constante crecimiento de la obra p\u00fablica y la industria minera en la regi\u00f3n.<\/p>\n\n\n\n<p class=\"wp-block-paragraph\">La formaci\u00f3n se dicta de manera totalmente gratuita a trav\u00e9s del Centro de Capacitaci\u00f3n Municipal (CECAM) y cuenta con la validaci\u00f3n acad\u00e9mica de la Universidad Provincial de Salta (UPATecO), garantizando un respaldo institucional de peso para la futura inserci\u00f3n laboral de los egresados.<\/p>\n\n\n\n<figure class=\"wp-block-image size-large\"><img loading=\"lazy\" decoding=\"async\" width=\"1024\" height=\"577\" src=\"https:\/\/www.todoeldia.com\/wp-content\/uploads\/2026\/09\/image-13-1024x577.png\" alt=\"\" class=\"wp-image-117611\" srcset=\"https:\/\/www.todoeldia.com\/wp-content\/uploads\/2026\/09\/image-13-1024x577.png 1024w, https:\/\/www.todoeldia.com\/wp-content\/uploads\/2026\/09\/image-13-300x169.png 300w, https:\/\/www.todoeldia.com\/wp-content\/uploads\/2026\/09\/image-13-767x432.png 767w, https:\/\/www.todoeldia.com\/wp-content\/uploads\/2026\/09\/image-13-1536x865.png 1536w, https:\/\/www.todoeldia.com\/wp-content\/uploads\/2026\/09\/image-13-298x168.png 298w, https:\/\/www.todoeldia.com\/wp-content\/uploads\/2026\/09\/image-13-323x182.png 323w, https:\/\/www.todoeldia.com\/wp-content\/uploads\/2026\/09\/image-13-695x391.png 695w, https:\/\/www.todoeldia.com\/wp-content\/uploads\/2026\/09\/image-13-1068x601.png 1068w, https:\/\/www.todoeldia.com\/wp-content\/uploads\/2026\/09\/image-13-1918x1080.png 1918w, https:\/\/www.todoeldia.com\/wp-content\/uploads\/2026\/09\/image-13.png 2048w\" sizes=\"auto, (max-width: 1024px) 100vw, 1024px\" \/><\/figure>\n\n\n\n<p class=\"wp-block-paragraph\">Claves de una jornada con fuerte impacto social<\/p>\n\n\n\n<p class=\"wp-block-paragraph\">Tras registrarse m\u00e1s de 220 inscriptos, un total de 110 vecinos resultaron seleccionados para acceder a esta oportunidad formativa.<\/p>\n\n\n\n<p class=\"wp-block-paragraph\">El dictado del programa es fruto del esfuerzo articulado entre el municipio, el CECAM, la UPATecO y el sector privado, que suma el apoyo clave de la empresa Cianca y del empresario local Sr. Piersigeli.<\/p>\n\n\n\n<figure class=\"wp-block-image size-large\"><img loading=\"lazy\" decoding=\"async\" width=\"1024\" height=\"577\" src=\"https:\/\/www.todoeldia.com\/wp-content\/uploads\/2026\/09\/image-14-1024x577.png\" alt=\"\" class=\"wp-image-117612\" srcset=\"https:\/\/www.todoeldia.com\/wp-content\/uploads\/2026\/09\/image-14-1024x577.png 1024w, https:\/\/www.todoeldia.com\/wp-content\/uploads\/2026\/09\/image-14-300x169.png 300w, https:\/\/www.todoeldia.com\/wp-content\/uploads\/2026\/09\/image-14-767x432.png 767w, https:\/\/www.todoeldia.com\/wp-content\/uploads\/2026\/09\/image-14-298x168.png 298w, https:\/\/www.todoeldia.com\/wp-content\/uploads\/2026\/09\/image-14-323x182.png 323w, https:\/\/www.todoeldia.com\/wp-content\/uploads\/2026\/09\/image-14-1536x865.png 1536w, https:\/\/www.todoeldia.com\/wp-content\/uploads\/2026\/09\/image-14-695x391.png 695w, https:\/\/www.todoeldia.com\/wp-content\/uploads\/2026\/09\/image-14-1068x601.png 1068w, https:\/\/www.todoeldia.com\/wp-content\/uploads\/2026\/09\/image-14-1918x1080.png 1918w, https:\/\/www.todoeldia.com\/wp-content\/uploads\/2026\/09\/image-14.png 2048w\" sizes=\"auto, (max-width: 1024px) 100vw, 1024px\" \/><\/figure>\n\n\n\n<p class=\"wp-block-paragraph\">La iniciativa promueve de forma activa la incorporaci\u00f3n de mujeres en el aprendizaje y la operaci\u00f3n de maquinaria pesada, rompiendo estereotipos en un rubro hist\u00f3ricamente masculinizado.<\/p>\n\n\n\n<p class=\"wp-block-paragraph\">La propuesta asegura un n\u00famero significativo de horas de pr\u00e1ctica en terreno, condici\u00f3n indispensable para la formaci\u00f3n de operadores id\u00f3neos y calificados.<\/p>\n\n\n\n<p class=\"wp-block-paragraph\">Durante la apertura, el jefe municipal remarc\u00f3 la orientaci\u00f3n productiva del programa: &#8220;No damos t\u00edtulos para hacer n\u00fameros, sino para que las personas que aprueben tengan una oportunidad de trabajo real&#8221;, al tiempo que exhort\u00f3 a los alumnos a encarar el proceso con compromiso para transformar esta ense\u00f1anza en una herramienta concreta de desarrollo personal y familiar.<\/p>\n","protected":false},"excerpt":{"rendered":"<p>En una jornada marcada por el entusiasmo y la convocatoria, el intendente Kuldeep Singh dej\u00f3 formalmente inaugurado el nuevo curso de capacitaci\u00f3n en manejo de maquinaria pesada orientado espec\u00edficamente a pala cargadora y retropala, una iniciativa estrat\u00e9gica impulsada para dar respuesta al constante crecimiento de la obra p\u00fablica y la industria minera en la regi\u00f3n. [&hellip;]<\/p>\n","protected":false},"author":2,"featured_media":117610,"comment_status":"closed","ping_status":"closed","sticky":false,"template":"","format":"standard","meta":{"_joinchat":[],"footnotes":""},"categories":[73],"tags":[],"class_list":["post-117608","post","type-post","status-publish","format-standard","has-post-thumbnail","category-noticias-general"],"amp_enabled":true,"_links":{"self":[{"href":"https:\/\/www.todoeldia.com\/index.php\/wp-json\/wp\/v2\/posts\/117608","targetHints":{"allow":["GET"]}}],"collection":[{"href":"https:\/\/www.todoeldia.com\/index.php\/wp-json\/wp\/v2\/posts"}],"about":[{"href":"https:\/\/www.todoeldia.com\/index.php\/wp-json\/wp\/v2\/types\/post"}],"author":[{"embeddable":true,"href":"https:\/\/www.todoeldia.com\/index.php\/wp-json\/wp\/v2\/users\/2"}],"replies":[{"embeddable":true,"href":"https:\/\/www.todoeldia.com\/index.php\/wp-json\/wp\/v2\/comments?post=117608"}],"version-history":[{"count":1,"href":"https:\/\/www.todoeldia.com\/index.php\/wp-json\/wp\/v2\/posts\/117608\/revisions"}],"predecessor-version":[{"id":117613,"href":"https:\/\/www.todoeldia.com\/index.php\/wp-json\/wp\/v2\/posts\/117608\/revisions\/117613"}],"wp:featuredmedia":[{"embeddable":true,"href":"https:\/\/www.todoeldia.com\/index.php\/wp-json\/wp\/v2\/media\/117610"}],"wp:attachment":[{"href":"https:\/\/www.todoeldia.com\/index.php\/wp-json\/wp\/v2\/media?parent=117608"}],"wp:term":[{"taxonomy":"category","embeddable":true,"href":"https:\/\/www.todoeldia.com\/index.php\/wp-json\/wp\/v2\/categories?post=117608"},{"taxonomy":"post_tag","embeddable":true,"href":"https:\/\/www.todoeldia.com\/index.php\/wp-json\/wp\/v2\/tags?post=117608"}],"curies":[{"name":"wp","href":"https:\/\/api.w.org\/{rel}","templated":true}]}}