{"id":117615,"date":"2026-09-02T18:27:16","date_gmt":"2026-09-02T21:27:16","guid":{"rendered":"https:\/\/www.todoeldia.com\/?p=117615"},"modified":"2026-09-02T18:27:17","modified_gmt":"2026-09-02T21:27:17","slug":"carrera-contra-el-reloj-en-salta-la-provincia-blinda-sus-cauces-ante-la-amenaza-de-un-super-nino","status":"publish","type":"post","link":"https:\/\/www.todoeldia.com\/index.php\/2026\/09\/02\/carrera-contra-el-reloj-en-salta-la-provincia-blinda-sus-cauces-ante-la-amenaza-de-un-super-nino\/","title":{"rendered":"Carrera contra el reloj en Salta: la provincia blinda sus cauces ante la amenaza de un &#8220;S\u00faper Ni\u00f1o&#8221;"},"content":{"rendered":"\n<p class=\"wp-block-paragraph\">Frente a los pron\u00f3sticos que presagian un evento clim\u00e1tico extraordinario, el Senado salte\u00f1o y la Secretar\u00eda de Recursos H\u00eddricos entablaron una reuni\u00f3n clave para trazar un plan de mitigaci\u00f3n urgente. La geograf\u00eda provincial impone un desaf\u00edo singular: a diferencia de las inundaciones lentas y prolongadas del Litoral, la pronunciada pendiente salte\u00f1a convierte las lluvias intensas en riadas violentas y repentinas sobre las cuencas de los r\u00edos Pilcomayo, Bermejo y Juramento, poniendo en riesgo infraestructura estrat\u00e9gica y centros poblados.<\/p>\n\n\n\n<p class=\"wp-block-paragraph\">La reuni\u00f3n fue encabezada por el presidente de la comisi\u00f3n, Diego Cari y cont\u00f3 con la participaci\u00f3n de los senadores, Jorge Soto, Dani Nolasco, Alejandra Navarro, Gonzalo Guaymas, Manrique Burgos, Roque Cornejo, Enrique Cornejo, Juan Cruz Cur\u00e1, Leonor Minetti, Daniel Moreno, Esteban D\u2019Andrea, Rolando Guaym\u00e1s, Luciano Elvira, Sergio Salda\u00f1o y Carlos Guitian. Por el Poder Ejecutivo asistieron el secretario de Recursos H\u00eddricos, Mauricio Romero Leal y el director de Infraestructura H\u00eddrica, Ricardo Ramos.<\/p>\n\n\n\n<p class=\"wp-block-paragraph\">Estrategia provincial y fiscalizaci\u00f3n de \u00e1ridos<\/p>\n\n\n\n<p class=\"wp-block-paragraph\">El plan de contingencia dise\u00f1ado por el Ejecutivo provincial contempla dos ejes de acci\u00f3n simult\u00e1neos:<\/p>\n\n\n\n<p class=\"wp-block-paragraph\">Municipios: Limpieza y desmalezado de canales pluviales urbanos coordinado a trav\u00e9s de la Secretar\u00eda del Interior.<\/p>\n\n\n\n<p class=\"wp-block-paragraph\">Territorio: Despliegue de maquinaria pesada por parte de Recursos H\u00eddricos para tareas de encauzamiento, despeje y defensas ribere\u00f1as en puntos cr\u00edticos.<\/p>\n\n\n\n<p class=\"wp-block-paragraph\">Asimismo, se enfatiz\u00f3 la necesidad de ejercer un riguroso control sobre la extracci\u00f3n de \u00e1ridos en los lechos fluviales, regulada por la Secretar\u00eda de Miner\u00eda, para evitar que canteras mal gestionadas o sedimentos desv\u00edo el curso natural del agua durante las crecidas.<\/p>\n\n\n\n<figure class=\"wp-block-image size-large\"><img loading=\"lazy\" decoding=\"async\" width=\"1024\" height=\"682\" src=\"https:\/\/www.todoeldia.com\/wp-content\/uploads\/2026\/09\/image-15-1024x682.png\" alt=\"\" class=\"wp-image-117618\" srcset=\"https:\/\/www.todoeldia.com\/wp-content\/uploads\/2026\/09\/image-15-1024x682.png 1024w, https:\/\/www.todoeldia.com\/wp-content\/uploads\/2026\/09\/image-15-300x200.png 300w, https:\/\/www.todoeldia.com\/wp-content\/uploads\/2026\/09\/image-15-767x511.png 767w, https:\/\/www.todoeldia.com\/wp-content\/uploads\/2026\/09\/image-15-299x199.png 299w, https:\/\/www.todoeldia.com\/wp-content\/uploads\/2026\/09\/image-15-1536x1023.png 1536w, https:\/\/www.todoeldia.com\/wp-content\/uploads\/2026\/09\/image-15-323x215.png 323w, https:\/\/www.todoeldia.com\/wp-content\/uploads\/2026\/09\/image-15-695x463.png 695w, https:\/\/www.todoeldia.com\/wp-content\/uploads\/2026\/09\/image-15-1067x711.png 1067w, https:\/\/www.todoeldia.com\/wp-content\/uploads\/2026\/09\/image-15.png 1600w\" sizes=\"auto, (max-width: 1024px) 100vw, 1024px\" \/><\/figure>\n\n\n\n<p class=\"wp-block-paragraph\">Puntos cr\u00edticos mapeados por departamento<\/p>\n\n\n\n<p class=\"wp-block-paragraph\">Durante el encuentro, los legisladores expusieron las urgencias de cada regi\u00f3n de cara al per\u00edodo estival:<\/p>\n\n\n\n<p class=\"wp-block-paragraph\">Valles Calchaqu\u00edes: Exigen encauzar el r\u00edo Potreros (La Poma-Payogasta), descolmatar el dique La D\u00e1rsena (San Carlos), levantar defensas en Cachi e intervenir en Molinos, cuyo casco urbano se encuentra un metro por debajo del nivel del cauce.<\/p>\n\n\n\n<p class=\"wp-block-paragraph\">Zona Norte y Metropolitana: Alertas por desbordes e inestabilidad de c\u00e1rcavas en Urundel, necesidad de canalizaci\u00f3n y control de ripieras en los r\u00edos de Vaqueros, y fiscalizaci\u00f3n del exceso de extracci\u00f3n en la cuenca alta del r\u00edo Rosario.<\/p>\n\n\n\n<p class=\"wp-block-paragraph\">\u00c1rea Metropolitana y Este: Preocupaci\u00f3n por desv\u00edos del r\u00edo Mojotoro en Sauzalito (Ruta 34), escombros en el r\u00edo Arenales (Villa Lavalle), y la vulnerabilidad de Anta sobre los r\u00edos Dorado y Del Valle para resguardar la Ruta 16.<\/p>\n\n\n\n<p class=\"wp-block-paragraph\">Valle de Lerma y Quebrada: Reactivaci\u00f3n de trabajos en el arroyo Los Nogales (La Silleta), defensas contra aludes en la Quebrada del Toro (Ruta 51) y mantenimiento del canal Siosa y arroyos Chocobar y Sosa para proteger la Ruta 68.<\/p>\n\n\n\n<p class=\"wp-block-paragraph\">Se acord\u00f3 el env\u00edo peri\u00f3dico de informes t\u00e9cnicos al cuerpo legislativo y la pronta firma de convenios municipales. Ante la complejidad de las tres grandes cuencas provinciales, la anticipaci\u00f3n dej\u00f3 de ser una opci\u00f3n t\u00e9cnica para convertirse en una prioridad vital.<\/p>\n","protected":false},"excerpt":{"rendered":"<p>Frente a los pron\u00f3sticos que presagian un evento clim\u00e1tico extraordinario, el Senado salte\u00f1o y la Secretar\u00eda de Recursos H\u00eddricos entablaron una reuni\u00f3n clave para trazar un plan de mitigaci\u00f3n urgente. La geograf\u00eda provincial impone un desaf\u00edo singular: a diferencia de las inundaciones lentas y prolongadas del Litoral, la pronunciada pendiente salte\u00f1a convierte las lluvias intensas [&hellip;]<\/p>\n","protected":false},"author":2,"featured_media":117617,"comment_status":"closed","ping_status":"closed","sticky":false,"template":"","format":"standard","meta":{"_joinchat":[],"footnotes":""},"categories":[73],"tags":[],"class_list":["post-117615","post","type-post","status-publish","format-standard","has-post-thumbnail","category-noticias-general"],"amp_enabled":true,"_links":{"self":[{"href":"https:\/\/www.todoeldia.com\/index.php\/wp-json\/wp\/v2\/posts\/117615","targetHints":{"allow":["GET"]}}],"collection":[{"href":"https:\/\/www.todoeldia.com\/index.php\/wp-json\/wp\/v2\/posts"}],"about":[{"href":"https:\/\/www.todoeldia.com\/index.php\/wp-json\/wp\/v2\/types\/post"}],"author":[{"embeddable":true,"href":"https:\/\/www.todoeldia.com\/index.php\/wp-json\/wp\/v2\/users\/2"}],"replies":[{"embeddable":true,"href":"https:\/\/www.todoeldia.com\/index.php\/wp-json\/wp\/v2\/comments?post=117615"}],"version-history":[{"count":1,"href":"https:\/\/www.todoeldia.com\/index.php\/wp-json\/wp\/v2\/posts\/117615\/revisions"}],"predecessor-version":[{"id":117619,"href":"https:\/\/www.todoeldia.com\/index.php\/wp-json\/wp\/v2\/posts\/117615\/revisions\/117619"}],"wp:featuredmedia":[{"embeddable":true,"href":"https:\/\/www.todoeldia.com\/index.php\/wp-json\/wp\/v2\/media\/117617"}],"wp:attachment":[{"href":"https:\/\/www.todoeldia.com\/index.php\/wp-json\/wp\/v2\/media?parent=117615"}],"wp:term":[{"taxonomy":"category","embeddable":true,"href":"https:\/\/www.todoeldia.com\/index.php\/wp-json\/wp\/v2\/categories?post=117615"},{"taxonomy":"post_tag","embeddable":true,"href":"https:\/\/www.todoeldia.com\/index.php\/wp-json\/wp\/v2\/tags?post=117615"}],"curies":[{"name":"wp","href":"https:\/\/api.w.org\/{rel}","templated":true}]}}