{"id":117641,"date":"2026-09-03T10:28:25","date_gmt":"2026-09-03T13:28:25","guid":{"rendered":"https:\/\/www.todoeldia.com\/?p=117641"},"modified":"2026-09-03T10:28:26","modified_gmt":"2026-09-03T13:28:26","slug":"ataque-con-una-cadena-en-tartagal-lo-golpeo-durante-un-violento-enfrentamiento-y-termino-condenado-a-1-ano-de-prision-efectiva","status":"publish","type":"post","link":"https:\/\/www.todoeldia.com\/index.php\/2026\/09\/03\/ataque-con-una-cadena-en-tartagal-lo-golpeo-durante-un-violento-enfrentamiento-y-termino-condenado-a-1-ano-de-prision-efectiva\/","title":{"rendered":"Ataque con una cadena en Tartagal: lo golpe\u00f3 durante un violento enfrentamiento y termin\u00f3 condenado a 1 a\u00f1o de prisi\u00f3n efectiva"},"content":{"rendered":"\n<p class=\"wp-block-paragraph\">El agresor se acerc\u00f3 mientras la v\u00edctima estaba en la vereda junto a su esposa y la atac\u00f3 con una cadena. El hombre intent\u00f3 escapar, pero cay\u00f3 al suelo y sufri\u00f3 heridas en distintas partes del cuerpo. Fue condenado a un a\u00f1o de prisi\u00f3n efectiva y declarado reincidente por segunda vez.<\/p>\n\n\n\n<p class=\"wp-block-paragraph\">Un violento episodio ocurrido en Tartagal termin\u00f3 con una condena de prisi\u00f3n efectiva para un hombre que atac\u00f3 a otro con una cadena y le provoc\u00f3 lesiones graves.<\/p>\n\n\n\n<p class=\"wp-block-paragraph\">El hecho ocurri\u00f3 el 29 de marzo por la tarde, cuando la v\u00edctima se encontraba en la vereda junto a su esposa. En esas circunstancias, Diego Mat\u00edas Romero se aproxim\u00f3 portando una cadena y comenz\u00f3 a utilizarla contra el hombre, desencadenando una situaci\u00f3n de extrema violencia.<\/p>\n\n\n\n<p class=\"wp-block-paragraph\">Ante el ataque, la v\u00edctima intent\u00f3 escapar junto a su esposa. Sin embargo, durante la huida perdi\u00f3 el equilibrio y cay\u00f3 al suelo, sufriendo heridas en diferentes partes del cuerpo. Los vecinos que presenciaron la escena acudieron en su auxilio.<\/p>\n\n\n\n<p class=\"wp-block-paragraph\">La causa lleg\u00f3 a juicio y fue resuelta mediante un juicio abreviado, en una audiencia en la que el acusado reconoci\u00f3 su responsabilidad.<\/p>\n\n\n\n<p class=\"wp-block-paragraph\">El fiscal penal 2 de Tartagal, Rafael Jos\u00e9 Medina, represent\u00f3 al Ministerio P\u00fablico Fiscal y sostuvo la acusaci\u00f3n contra Romero por el delito de lesiones graves.<\/p>\n\n\n\n<p class=\"wp-block-paragraph\">Tras escuchar la confesi\u00f3n del acusado y con el acuerdo de las partes, el juez de ese distrito, Ricardo Martoccia, dict\u00f3 sentencia y le impuso un a\u00f1o de prisi\u00f3n de ejecuci\u00f3n efectiva.<\/p>\n\n\n\n<p class=\"wp-block-paragraph\">Pero la resoluci\u00f3n judicial tuvo adem\u00e1s otra particularidad: Romero fue declarado reincidente por segunda vez, una condici\u00f3n que agrav\u00f3 su situaci\u00f3n frente a la Justicia.<\/p>\n\n\n\n<p class=\"wp-block-paragraph\">De esta manera, el violento ataque ocurrido aquella tarde de marzo termin\u00f3 con el agresor tras las rejas, luego de que se acreditara su responsabilidad por la agresi\u00f3n que dej\u00f3 a la v\u00edctima con lesiones en distintas partes del cuerpo.<\/p>\n","protected":false},"excerpt":{"rendered":"<p>El agresor se acerc\u00f3 mientras la v\u00edctima estaba en la vereda junto a su esposa y la atac\u00f3 con una cadena. El hombre intent\u00f3 escapar, pero cay\u00f3 al suelo y sufri\u00f3 heridas en distintas partes del cuerpo. Fue condenado a un a\u00f1o de prisi\u00f3n efectiva y declarado reincidente por segunda vez. Un violento episodio ocurrido [&hellip;]<\/p>\n","protected":false},"author":2,"featured_media":117643,"comment_status":"closed","ping_status":"closed","sticky":false,"template":"","format":"standard","meta":{"_joinchat":[],"footnotes":""},"categories":[63],"tags":[],"class_list":["post-117641","post","type-post","status-publish","format-standard","has-post-thumbnail","category-policiales"],"amp_enabled":true,"_links":{"self":[{"href":"https:\/\/www.todoeldia.com\/index.php\/wp-json\/wp\/v2\/posts\/117641","targetHints":{"allow":["GET"]}}],"collection":[{"href":"https:\/\/www.todoeldia.com\/index.php\/wp-json\/wp\/v2\/posts"}],"about":[{"href":"https:\/\/www.todoeldia.com\/index.php\/wp-json\/wp\/v2\/types\/post"}],"author":[{"embeddable":true,"href":"https:\/\/www.todoeldia.com\/index.php\/wp-json\/wp\/v2\/users\/2"}],"replies":[{"embeddable":true,"href":"https:\/\/www.todoeldia.com\/index.php\/wp-json\/wp\/v2\/comments?post=117641"}],"version-history":[{"count":1,"href":"https:\/\/www.todoeldia.com\/index.php\/wp-json\/wp\/v2\/posts\/117641\/revisions"}],"predecessor-version":[{"id":117644,"href":"https:\/\/www.todoeldia.com\/index.php\/wp-json\/wp\/v2\/posts\/117641\/revisions\/117644"}],"wp:featuredmedia":[{"embeddable":true,"href":"https:\/\/www.todoeldia.com\/index.php\/wp-json\/wp\/v2\/media\/117643"}],"wp:attachment":[{"href":"https:\/\/www.todoeldia.com\/index.php\/wp-json\/wp\/v2\/media?parent=117641"}],"wp:term":[{"taxonomy":"category","embeddable":true,"href":"https:\/\/www.todoeldia.com\/index.php\/wp-json\/wp\/v2\/categories?post=117641"},{"taxonomy":"post_tag","embeddable":true,"href":"https:\/\/www.todoeldia.com\/index.php\/wp-json\/wp\/v2\/tags?post=117641"}],"curies":[{"name":"wp","href":"https:\/\/api.w.org\/{rel}","templated":true}]}}