{"id":117647,"date":"2026-09-03T10:35:37","date_gmt":"2026-09-03T13:35:37","guid":{"rendered":"https:\/\/www.todoeldia.com\/?p=117647"},"modified":"2026-09-03T10:35:38","modified_gmt":"2026-09-03T13:35:38","slug":"el-parque-cabo-dennis-ruiz-vuelve-a-abrir-sus-puertas-con-una-renovacion-integral-en-la-zona-sur-de-salta","status":"publish","type":"post","link":"https:\/\/www.todoeldia.com\/index.php\/2026\/09\/03\/el-parque-cabo-dennis-ruiz-vuelve-a-abrir-sus-puertas-con-una-renovacion-integral-en-la-zona-sur-de-salta\/","title":{"rendered":"El parque Cabo Dennis Ruiz vuelve a abrir sus puertas con una renovaci\u00f3n integral en la zona sur de Salta"},"content":{"rendered":"\n<p class=\"wp-block-paragraph\">El espacio verde ubicado frente a los barrios San Francisco y Bancario y al costado del Super VEA, fue completamente recuperado con nuevos juegos, mobiliario, caminer\u00edas, sectores de ejercicio, forestaci\u00f3n e iluminaci\u00f3n. La intervenci\u00f3n busca convertirlo en un lugar seguro y de encuentro para las familias.<\/p>\n\n\n\n<p class=\"wp-block-paragraph\">Despu\u00e9s de a\u00f1os de contar con infraestructura limitada, el parque Cabo Dennis Ruiz, ubicado en la zona sur de la ciudad de Salta, luce renovado y preparado para recibir nuevamente a vecinos de los barrios San Francisco y Bancario y sectores cercanos.<\/p>\n\n\n\n<figure class=\"wp-block-image size-large\"><img loading=\"lazy\" decoding=\"async\" width=\"1024\" height=\"576\" src=\"https:\/\/www.todoeldia.com\/wp-content\/uploads\/2026\/09\/image-19-1024x576.png\" alt=\"\" class=\"wp-image-117649\" srcset=\"https:\/\/www.todoeldia.com\/wp-content\/uploads\/2026\/09\/image-19-1024x576.png 1024w, https:\/\/www.todoeldia.com\/wp-content\/uploads\/2026\/09\/image-19-300x169.png 300w, https:\/\/www.todoeldia.com\/wp-content\/uploads\/2026\/09\/image-19-299x168.png 299w, https:\/\/www.todoeldia.com\/wp-content\/uploads\/2026\/09\/image-19-324x182.png 324w, https:\/\/www.todoeldia.com\/wp-content\/uploads\/2026\/09\/image-19-768x432.png 768w, https:\/\/www.todoeldia.com\/wp-content\/uploads\/2026\/09\/image-19-695x391.png 695w, https:\/\/www.todoeldia.com\/wp-content\/uploads\/2026\/09\/image-19-1067x600.png 1067w, https:\/\/www.todoeldia.com\/wp-content\/uploads\/2026\/09\/image-19.png 1280w\" sizes=\"auto, (max-width: 1024px) 100vw, 1024px\" \/><\/figure>\n\n\n\n<p class=\"wp-block-paragraph\">La intervenci\u00f3n forma parte del plan de recuperaci\u00f3n de plazas y parques impulsado por la Municipalidad, que apunta a poner en valor espacios p\u00fablicos y transformarlos en lugares destinados al encuentro, la recreaci\u00f3n, la actividad f\u00edsica y la vida comunitaria.<\/p>\n\n\n\n<p class=\"wp-block-paragraph\">El secretario de Obras P\u00fablicas, Gast\u00f3n Viola, explic\u00f3 que el lugar presentaba importantes carencias de infraestructura. \u201cSe trataba de un espacio que no contaba con mobiliarios ni juegos, tampoco ten\u00eda caminer\u00edas y la iluminaci\u00f3n era de muy baja potencia\u201d, se\u00f1al\u00f3.<\/p>\n\n\n\n<figure class=\"wp-block-image size-large\"><img loading=\"lazy\" decoding=\"async\" width=\"1024\" height=\"576\" src=\"https:\/\/www.todoeldia.com\/wp-content\/uploads\/2026\/09\/image-20-1024x576.png\" alt=\"\" class=\"wp-image-117650\" srcset=\"https:\/\/www.todoeldia.com\/wp-content\/uploads\/2026\/09\/image-20-1024x576.png 1024w, https:\/\/www.todoeldia.com\/wp-content\/uploads\/2026\/09\/image-20-300x169.png 300w, https:\/\/www.todoeldia.com\/wp-content\/uploads\/2026\/09\/image-20-768x432.png 768w, https:\/\/www.todoeldia.com\/wp-content\/uploads\/2026\/09\/image-20-299x168.png 299w, https:\/\/www.todoeldia.com\/wp-content\/uploads\/2026\/09\/image-20-324x182.png 324w, https:\/\/www.todoeldia.com\/wp-content\/uploads\/2026\/09\/image-20-695x391.png 695w, https:\/\/www.todoeldia.com\/wp-content\/uploads\/2026\/09\/image-20-1067x600.png 1067w, https:\/\/www.todoeldia.com\/wp-content\/uploads\/2026\/09\/image-20.png 1280w\" sizes=\"auto, (max-width: 1024px) 100vw, 1024px\" \/><\/figure>\n\n\n\n<p class=\"wp-block-paragraph\">Con la finalizaci\u00f3n de los trabajos, el funcionario destac\u00f3 que los vecinos disponen desde ahora de un espacio m\u00e1s seguro, accesible y confortable para disfrutar en familia, realizar actividades f\u00edsicas y compartir al aire libre.<\/p>\n\n\n\n<p class=\"wp-block-paragraph\">M\u00e1s juegos, ejercicio y espacios para quedarse<\/p>\n\n\n\n<p class=\"wp-block-paragraph\">La renovaci\u00f3n incluy\u00f3 la instalaci\u00f3n de nuevo equipamiento urbano, entre ellos bancos, mesas y livings, adem\u00e1s de bicicleteros, basureros y carteler\u00eda.<\/p>\n\n\n\n<figure class=\"wp-block-image size-large\"><img loading=\"lazy\" decoding=\"async\" width=\"1024\" height=\"576\" src=\"https:\/\/www.todoeldia.com\/wp-content\/uploads\/2026\/09\/image-21-1024x576.png\" alt=\"\" class=\"wp-image-117651\" srcset=\"https:\/\/www.todoeldia.com\/wp-content\/uploads\/2026\/09\/image-21-1024x576.png 1024w, https:\/\/www.todoeldia.com\/wp-content\/uploads\/2026\/09\/image-21-300x169.png 300w, https:\/\/www.todoeldia.com\/wp-content\/uploads\/2026\/09\/image-21-768x432.png 768w, https:\/\/www.todoeldia.com\/wp-content\/uploads\/2026\/09\/image-21-299x168.png 299w, https:\/\/www.todoeldia.com\/wp-content\/uploads\/2026\/09\/image-21-324x182.png 324w, https:\/\/www.todoeldia.com\/wp-content\/uploads\/2026\/09\/image-21-695x391.png 695w, https:\/\/www.todoeldia.com\/wp-content\/uploads\/2026\/09\/image-21-1067x600.png 1067w, https:\/\/www.todoeldia.com\/wp-content\/uploads\/2026\/09\/image-21.png 1280w\" sizes=\"auto, (max-width: 1024px) 100vw, 1024px\" \/><\/figure>\n\n\n\n<p class=\"wp-block-paragraph\">Tambi\u00e9n se incorporaron juegos infantiles y sectores de calistenia, ampliando las posibilidades de uso del parque para ni\u00f1os, j\u00f3venes y adultos.<\/p>\n\n\n\n<p class=\"wp-block-paragraph\">La obra no se limit\u00f3 al equipamiento. Se ejecutaron nuevas caminer\u00edas con contrapisos de hormig\u00f3n y diferentes terminaciones, adem\u00e1s de vados de accesibilidad destinados a facilitar el desplazamiento de personas con movilidad reducida.<\/p>\n\n\n\n<p class=\"wp-block-paragraph\">M\u00e1s verde y una iluminaci\u00f3n que cambia la escena<\/p>\n\n\n\n<p class=\"wp-block-paragraph\">Otro de los ejes de la recuperaci\u00f3n fue la forestaci\u00f3n del predio, con la incorporaci\u00f3n de distintos ejemplares de \u00e1rboles y vegetaci\u00f3n para mejorar el entorno y darle mayor calidad ambiental al espacio.<\/p>\n\n\n\n<p class=\"wp-block-paragraph\">La iluminaci\u00f3n tambi\u00e9n fue completamente intervenida. Se instalaron nuevos sistemas lum\u00ednicos que permiten mejorar la visibilidad y las condiciones de seguridad durante la tarde y la noche.<\/p>\n\n\n\n<p class=\"wp-block-paragraph\">El objetivo, seg\u00fan explic\u00f3 Viola, es que estos espacios p\u00fablicos puedan ser utilizados durante m\u00e1s horas y que funcionen como verdaderos puntos de encuentro para la comunidad.<\/p>\n\n\n\n<p class=\"wp-block-paragraph\">As\u00ed, el parque Cabo Dennis Ruiz deja atr\u00e1s una imagen marcada por la falta de infraestructura y comienza una nueva etapa: m\u00e1s verde, iluminado, equipado y pensado para que los vecinos vuelvan a apropiarse del espacio p\u00fablico.<\/p>\n","protected":false},"excerpt":{"rendered":"<p>El espacio verde ubicado frente a los barrios San Francisco y Bancario y al costado del Super VEA, fue completamente recuperado con nuevos juegos, mobiliario, caminer\u00edas, sectores de ejercicio, forestaci\u00f3n e iluminaci\u00f3n. La intervenci\u00f3n busca convertirlo en un lugar seguro y de encuentro para las familias. Despu\u00e9s de a\u00f1os de contar con infraestructura limitada, el [&hellip;]<\/p>\n","protected":false},"author":2,"featured_media":117652,"comment_status":"closed","ping_status":"closed","sticky":false,"template":"","format":"standard","meta":{"_joinchat":[],"footnotes":""},"categories":[73],"tags":[],"class_list":["post-117647","post","type-post","status-publish","format-standard","has-post-thumbnail","category-noticias-general"],"amp_enabled":true,"_links":{"self":[{"href":"https:\/\/www.todoeldia.com\/index.php\/wp-json\/wp\/v2\/posts\/117647","targetHints":{"allow":["GET"]}}],"collection":[{"href":"https:\/\/www.todoeldia.com\/index.php\/wp-json\/wp\/v2\/posts"}],"about":[{"href":"https:\/\/www.todoeldia.com\/index.php\/wp-json\/wp\/v2\/types\/post"}],"author":[{"embeddable":true,"href":"https:\/\/www.todoeldia.com\/index.php\/wp-json\/wp\/v2\/users\/2"}],"replies":[{"embeddable":true,"href":"https:\/\/www.todoeldia.com\/index.php\/wp-json\/wp\/v2\/comments?post=117647"}],"version-history":[{"count":1,"href":"https:\/\/www.todoeldia.com\/index.php\/wp-json\/wp\/v2\/posts\/117647\/revisions"}],"predecessor-version":[{"id":117653,"href":"https:\/\/www.todoeldia.com\/index.php\/wp-json\/wp\/v2\/posts\/117647\/revisions\/117653"}],"wp:featuredmedia":[{"embeddable":true,"href":"https:\/\/www.todoeldia.com\/index.php\/wp-json\/wp\/v2\/media\/117652"}],"wp:attachment":[{"href":"https:\/\/www.todoeldia.com\/index.php\/wp-json\/wp\/v2\/media?parent=117647"}],"wp:term":[{"taxonomy":"category","embeddable":true,"href":"https:\/\/www.todoeldia.com\/index.php\/wp-json\/wp\/v2\/categories?post=117647"},{"taxonomy":"post_tag","embeddable":true,"href":"https:\/\/www.todoeldia.com\/index.php\/wp-json\/wp\/v2\/tags?post=117647"}],"curies":[{"name":"wp","href":"https:\/\/api.w.org\/{rel}","templated":true}]}}