{"id":117676,"date":"2026-09-03T12:05:03","date_gmt":"2026-09-03T15:05:03","guid":{"rendered":"https:\/\/www.todoeldia.com\/?p=117676"},"modified":"2026-09-03T12:27:02","modified_gmt":"2026-09-03T15:27:02","slug":"manana-accidentada-en-salta-cinco-siniestros-en-apenas-tres-horas-y-una-menor-hospitalizada-tras-un-choque-entre-un-colectivo-y-un-auto","status":"publish","type":"post","link":"https:\/\/www.todoeldia.com\/index.php\/2026\/09\/03\/manana-accidentada-en-salta-cinco-siniestros-en-apenas-tres-horas-y-una-menor-hospitalizada-tras-un-choque-entre-un-colectivo-y-un-auto\/","title":{"rendered":"Ma\u00f1ana accidentada en Salta: cinco siniestros en apenas tres horas y una menor hospitalizada tras un choque entre un colectivo y un auto"},"content":{"rendered":"\n<p class=\"wp-block-paragraph\">El impacto ocurri\u00f3 cerca de las 7 en Ex Combatientes de Malvinas y Mitos Americanos, en el acceso al barrio San Carlos. La v\u00edctima viajaba en una unidad del corredor 5 de SAETA y fue trasladada al Hospital Materno Infantil con politraumatismos. A\u00fan no se conocen los resultados de los test de alcoholemia.<\/p>\n\n\n\n<p class=\"wp-block-paragraph\">La ma\u00f1ana de este jueves volvi\u00f3 a quedar marcada por los siniestros viales en distintos puntos de la ciudad de Salta. En apenas tres horas se registraron cinco accidentes, en una seguidilla que gener\u00f3 preocupaci\u00f3n, importantes demoras y complicaciones para quienes circulaban por las principales avenidas y rutas de acceso.<\/p>\n\n\n\n<p class=\"wp-block-paragraph\">Uno de los episodios m\u00e1s relevantes ocurri\u00f3 alrededor de las 7 de la ma\u00f1ana en la intersecci\u00f3n de avenida Ex Combatientes de Malvinas y Mitos Americanos, en el ingreso al barrio San Carlos, zona sur de la capital.<\/p>\n\n\n\n<p class=\"wp-block-paragraph\">Colectivo y Volkswagen Voyage chocaron en plena hora pico<\/p>\n\n\n\n<p class=\"wp-block-paragraph\">El siniestro tuvo como protagonistas a un colectivo de SAETA del corredor 5 y un Volkswagen Voyage. Por circunstancias que todav\u00eda son materia de investigaci\u00f3n, ambos veh\u00edculos colisionaron en ese sector de la avenida, recientemente intervenido con obras de reparaci\u00f3n.<\/p>\n\n\n\n<p class=\"wp-block-paragraph\">El impacto se produjo en un horario de intenso movimiento vehicular, cuando numerosos vecinos se trasladan hacia sus trabajos y establecimientos educativos. La escena r\u00e1pidamente demand\u00f3 la intervenci\u00f3n policial para ordenar la circulaci\u00f3n y avanzar con las primeras pericias.<\/p>\n\n\n\n<figure class=\"wp-block-image size-large\"><img loading=\"lazy\" decoding=\"async\" width=\"1024\" height=\"584\" src=\"https:\/\/www.todoeldia.com\/wp-content\/uploads\/2026\/09\/image-28-1024x584.png\" alt=\"\" class=\"wp-image-117696\" srcset=\"https:\/\/www.todoeldia.com\/wp-content\/uploads\/2026\/09\/image-28-1024x584.png 1024w, https:\/\/www.todoeldia.com\/wp-content\/uploads\/2026\/09\/image-28-300x171.png 300w, https:\/\/www.todoeldia.com\/wp-content\/uploads\/2026\/09\/image-28-299x171.png 299w, https:\/\/www.todoeldia.com\/wp-content\/uploads\/2026\/09\/image-28-322x184.png 322w, https:\/\/www.todoeldia.com\/wp-content\/uploads\/2026\/09\/image-28-767x438.png 767w, https:\/\/www.todoeldia.com\/wp-content\/uploads\/2026\/09\/image-28-695x397.png 695w, https:\/\/www.todoeldia.com\/wp-content\/uploads\/2026\/09\/image-28-1067x609.png 1067w, https:\/\/www.todoeldia.com\/wp-content\/uploads\/2026\/09\/image-28.png 1116w\" sizes=\"auto, (max-width: 1024px) 100vw, 1024px\" \/><\/figure>\n\n\n\n<p class=\"wp-block-paragraph\">Una menor termin\u00f3 en el Hospital Materno Infantil<\/p>\n\n\n\n<p class=\"wp-block-paragraph\">Como consecuencia de la colisi\u00f3n, una menor que viajaba como pasajera en el colectivo result\u00f3 lesionada.<\/p>\n\n\n\n<p class=\"wp-block-paragraph\">La adolescente fue asistida y posteriormente trasladada al Hospital Materno Infantil, donde ingres\u00f3 con politraumatismos para recibir atenci\u00f3n m\u00e9dica. Hasta el momento no trascendieron mayores detalles sobre la evoluci\u00f3n de su estado de salud.<\/p>\n\n\n\n<p class=\"wp-block-paragraph\">Personal policial intervino en el lugar y comenz\u00f3 a reunir elementos para establecer c\u00f3mo se produjo exactamente el choque. La investigaci\u00f3n deber\u00e1 determinar la mec\u00e1nica del impacto y las eventuales responsabilidades.<\/p>\n\n\n\n<p class=\"wp-block-paragraph\">Desde la Polic\u00eda de Salta se\u00f1alaron que hasta el momento no se cuenta con los resultados de los test de alcoholemia practicados a los dos conductores involucrados.<\/p>\n\n\n\n<figure class=\"wp-block-image size-full is-resized\"><img loading=\"lazy\" decoding=\"async\" width=\"810\" height=\"450\" src=\"https:\/\/www.todoeldia.com\/wp-content\/uploads\/2026\/09\/choque-en-cadena-en-la-circunvalacion.jpg\" alt=\"\" class=\"wp-image-117633\" style=\"width:954px;height:auto\" srcset=\"https:\/\/www.todoeldia.com\/wp-content\/uploads\/2026\/09\/choque-en-cadena-en-la-circunvalacion.jpg 810w, https:\/\/www.todoeldia.com\/wp-content\/uploads\/2026\/09\/choque-en-cadena-en-la-circunvalacion-300x167.jpg 300w, https:\/\/www.todoeldia.com\/wp-content\/uploads\/2026\/09\/choque-en-cadena-en-la-circunvalacion-768x427.jpg 768w, https:\/\/www.todoeldia.com\/wp-content\/uploads\/2026\/09\/choque-en-cadena-en-la-circunvalacion-756x420.jpg 756w, https:\/\/www.todoeldia.com\/wp-content\/uploads\/2026\/09\/choque-en-cadena-en-la-circunvalacion-696x387.jpg 696w\" sizes=\"auto, (max-width: 810px) 100vw, 810px\" \/><figcaption class=\"wp-element-caption\">El accidente en la Circunvalaci\u00f3n Oeste<\/figcaption><\/figure>\n\n\n\n<p class=\"wp-block-paragraph\">La avenida Ex Combatientes de Malvinas forma parte de importantes recorridos del transporte p\u00fablico y constituye uno de los corredores utilizados para conectar distintos sectores de la zona sur con el resto de la ciudad. SAETA registra recorridos que atraviesan tanto Ex Combatientes de Malvinas como Mitos Americanos en el sector de San Carlos.<\/p>\n\n\n\n<p class=\"wp-block-paragraph\">Una ma\u00f1ana atravesada por los choques<\/p>\n\n\n\n<p class=\"wp-block-paragraph\">El accidente de San Carlos no fue un hecho aislado. Durante las primeras horas de este jueves se sucedieron otros cuatro siniestros viales, entre ellos dos registrados en la Circunvalaci\u00f3n Oeste y otro en la zona de la rotonda de la Universidad Cat\u00f3lica.<\/p>\n\n\n\n<p class=\"wp-block-paragraph\">La sucesi\u00f3n de episodios volvi\u00f3 a poner bajo la lupa la seguridad vial en los principales corredores de la capital, especialmente durante las horas de mayor circulaci\u00f3n.<\/p>\n\n\n\n<p class=\"wp-block-paragraph\">Por ahora, las autoridades contin\u00faan trabajando para reconstruir la secuencia del choque ocurrido en Ex Combatientes de Malvinas y determinar qu\u00e9 circunstancias desencadenaron la colisi\u00f3n entre el colectivo y el autom\u00f3vil.<\/p>\n","protected":false},"excerpt":{"rendered":"<p>El impacto ocurri\u00f3 cerca de las 7 en Ex Combatientes de Malvinas y Mitos Americanos, en el acceso al barrio San Carlos. La v\u00edctima viajaba en una unidad del corredor 5 de SAETA y fue trasladada al Hospital Materno Infantil con politraumatismos. A\u00fan no se conocen los resultados de los test de alcoholemia. La ma\u00f1ana [&hellip;]<\/p>\n","protected":false},"author":2,"featured_media":117680,"comment_status":"closed","ping_status":"closed","sticky":false,"template":"","format":"standard","meta":{"_joinchat":[],"footnotes":""},"categories":[73],"tags":[],"class_list":["post-117676","post","type-post","status-publish","format-standard","has-post-thumbnail","category-noticias-general"],"amp_enabled":true,"_links":{"self":[{"href":"https:\/\/www.todoeldia.com\/index.php\/wp-json\/wp\/v2\/posts\/117676","targetHints":{"allow":["GET"]}}],"collection":[{"href":"https:\/\/www.todoeldia.com\/index.php\/wp-json\/wp\/v2\/posts"}],"about":[{"href":"https:\/\/www.todoeldia.com\/index.php\/wp-json\/wp\/v2\/types\/post"}],"author":[{"embeddable":true,"href":"https:\/\/www.todoeldia.com\/index.php\/wp-json\/wp\/v2\/users\/2"}],"replies":[{"embeddable":true,"href":"https:\/\/www.todoeldia.com\/index.php\/wp-json\/wp\/v2\/comments?post=117676"}],"version-history":[{"count":2,"href":"https:\/\/www.todoeldia.com\/index.php\/wp-json\/wp\/v2\/posts\/117676\/revisions"}],"predecessor-version":[{"id":117698,"href":"https:\/\/www.todoeldia.com\/index.php\/wp-json\/wp\/v2\/posts\/117676\/revisions\/117698"}],"wp:featuredmedia":[{"embeddable":true,"href":"https:\/\/www.todoeldia.com\/index.php\/wp-json\/wp\/v2\/media\/117680"}],"wp:attachment":[{"href":"https:\/\/www.todoeldia.com\/index.php\/wp-json\/wp\/v2\/media?parent=117676"}],"wp:term":[{"taxonomy":"category","embeddable":true,"href":"https:\/\/www.todoeldia.com\/index.php\/wp-json\/wp\/v2\/categories?post=117676"},{"taxonomy":"post_tag","embeddable":true,"href":"https:\/\/www.todoeldia.com\/index.php\/wp-json\/wp\/v2\/tags?post=117676"}],"curies":[{"name":"wp","href":"https:\/\/api.w.org\/{rel}","templated":true}]}}