{"id":117682,"date":"2026-09-03T12:09:07","date_gmt":"2026-09-03T15:09:07","guid":{"rendered":"https:\/\/www.todoeldia.com\/?p=117682"},"modified":"2026-09-03T12:09:08","modified_gmt":"2026-09-03T15:09:08","slug":"operativo-en-el-corazon-de-cafayate-desalojaron-una-instalacion-comercial-sin-habilitacion-y-crece-la-tension-por-las-fuentes-laborales","status":"publish","type":"post","link":"https:\/\/www.todoeldia.com\/index.php\/2026\/09\/03\/operativo-en-el-corazon-de-cafayate-desalojaron-una-instalacion-comercial-sin-habilitacion-y-crece-la-tension-por-las-fuentes-laborales\/","title":{"rendered":"Operativo en el coraz\u00f3n de Cafayate: desalojaron una instalaci\u00f3n comercial sin habilitaci\u00f3n y crece la tensi\u00f3n por las fuentes laborales"},"content":{"rendered":"\n<p class=\"wp-block-paragraph\">La estructura ubicada en inmediaciones de la Plaza de Cafayate fue retirada por las autoridades. El municipio sostiene que el procedimiento forma parte de un proceso administrativo previamente notificado, mientras que el propietario asegura que nunca recibi\u00f3 esas comunicaciones y anticip\u00f3 que apelar\u00e1 la medida.<\/p>\n\n\n\n<p class=\"wp-block-paragraph\">Una ma\u00f1ana cargada de tensi\u00f3n se vivi\u00f3 este jueves en pleno centro de Cafayate, donde las autoridades avanzaron con el desalojo de una estructura utilizada para una actividad comercial ubicada en los alrededores de la plaza principal.<\/p>\n\n\n\n<figure class=\"wp-block-image size-full is-resized\"><img loading=\"lazy\" decoding=\"async\" width=\"600\" height=\"403\" src=\"https:\/\/www.todoeldia.com\/wp-content\/uploads\/2026\/09\/image-26.png\" alt=\"\" class=\"wp-image-117686\" style=\"width:946px;height:auto\" srcset=\"https:\/\/www.todoeldia.com\/wp-content\/uploads\/2026\/09\/image-26.png 600w, https:\/\/www.todoeldia.com\/wp-content\/uploads\/2026\/09\/image-26-300x202.png 300w, https:\/\/www.todoeldia.com\/wp-content\/uploads\/2026\/09\/image-26-299x201.png 299w, https:\/\/www.todoeldia.com\/wp-content\/uploads\/2026\/09\/image-26-323x217.png 323w\" sizes=\"auto, (max-width: 600px) 100vw, 600px\" \/><\/figure>\n\n\n\n<p class=\"wp-block-paragraph\">Seg\u00fan explicaron desde el municipio, la instalaci\u00f3n no contaba con los permisos formales ni con las habilitaciones correspondientes para funcionar en ese espacio p\u00fablico. La intervenci\u00f3n se concret\u00f3 luego de un procedimiento que gener\u00f3 momentos de tensi\u00f3n entre funcionarios y responsables de la actividad.<\/p>\n\n\n\n<p class=\"wp-block-paragraph\">El municipio sostiene que hubo reiteradas notificaciones<\/p>\n\n\n\n<figure class=\"wp-block-image size-full is-resized\"><img loading=\"lazy\" decoding=\"async\" width=\"588\" height=\"402\" src=\"https:\/\/www.todoeldia.com\/wp-content\/uploads\/2026\/09\/image-27.png\" alt=\"\" class=\"wp-image-117687\" style=\"width:958px;height:auto\" srcset=\"https:\/\/www.todoeldia.com\/wp-content\/uploads\/2026\/09\/image-27.png 588w, https:\/\/www.todoeldia.com\/wp-content\/uploads\/2026\/09\/image-27-300x205-1.png 300w, https:\/\/www.todoeldia.com\/wp-content\/uploads\/2026\/09\/image-27-218x150.png 218w, https:\/\/www.todoeldia.com\/wp-content\/uploads\/2026\/09\/image-27-323x221.png 323w\" sizes=\"auto, (max-width: 588px) 100vw, 588px\" \/><\/figure>\n\n\n\n<p class=\"wp-block-paragraph\">El ingeniero Wilton Guzm\u00e1n explic\u00f3 que la medida no fue adoptada de manera repentina, sino que forma parte de un proceso administrativo que habr\u00eda sido comunicado en reiteradas oportunidades.<\/p>\n\n\n\n<p class=\"wp-block-paragraph\">Seg\u00fan su versi\u00f3n, las autoridades hab\u00edan requerido regularizar la situaci\u00f3n y, ante la falta de respuestas, se decidi\u00f3 avanzar con el desalojo de la estructura.<\/p>\n\n\n\n<p class=\"wp-block-paragraph\">El procedimiento se suma a una serie de intervenciones que el municipio viene realizando sobre instalaciones comerciales ubicadas en espacios de uso p\u00fablico, con el argumento de ordenar y regularizar la ocupaci\u00f3n del \u00e1rea c\u00e9ntrica.<\/p>\n\n\n\n<p class=\"wp-block-paragraph\">El propietario niega haber sido notificado y prepara una apelaci\u00f3n<\/p>\n\n\n\n<p class=\"wp-block-paragraph\">Del otro lado, el propietario del comercio cuestion\u00f3 la decisi\u00f3n y asegur\u00f3 que no recibi\u00f3 las notificaciones mencionadas por el municipio.<\/p>\n\n\n\n<p class=\"wp-block-paragraph\">El comerciante anticip\u00f3 que apelar\u00e1 la medida ante la Municipalidad y, de ser necesario, recurrir\u00e1 a las instancias administrativas correspondientes para intentar revertir la decisi\u00f3n.<\/p>\n\n\n\n<p class=\"wp-block-paragraph\">Adem\u00e1s, plante\u00f3 una preocupaci\u00f3n que trasciende la estructura retirada: asegur\u00f3 que alrededor de 15 personas dependen directamente de la actividad comercial y advirti\u00f3 que la medida podr\u00eda poner en riesgo esas fuentes de trabajo.<\/p>\n\n\n\n<p class=\"wp-block-paragraph\">De esta manera, el conflicto qued\u00f3 planteado en dos frentes: por un lado, la postura oficial vinculada al cumplimiento de las normas y habilitaciones; por otro, el reclamo del comerciante, quien cuestiona el procedimiento y sostiene que la decisi\u00f3n puede tener un fuerte impacto laboral.<\/p>\n\n\n\n<p class=\"wp-block-paragraph\">Una jornada marcada por los desalojos<\/p>\n\n\n\n<p class=\"wp-block-paragraph\">El episodio ocurrido alrededor de la plaza se produjo pocas horas despu\u00e9s de otra intervenci\u00f3n que tambi\u00e9n gener\u00f3 repercusi\u00f3n en el centro de Cafayate.<\/p>\n\n\n\n<p class=\"wp-block-paragraph\">Durante las primeras horas de la ma\u00f1ana, las autoridades hab\u00edan actuado sobre un kiosco de chapa instalado en calle Mitre, en otro procedimiento relacionado con la ocupaci\u00f3n del espacio p\u00fablico.<\/p>\n\n\n\n<p class=\"wp-block-paragraph\">La sucesi\u00f3n de ambos operativos abri\u00f3 un nuevo cap\u00edtulo en la discusi\u00f3n sobre el uso de los espacios p\u00fablicos, las habilitaciones comerciales y el impacto de las medidas de ordenamiento sobre quienes desarrollan actividades econ\u00f3micas en el centro de Cafayate.<\/p>\n\n\n\n<p class=\"wp-block-paragraph\">Mientras el municipio sostiene que busca hacer cumplir las normas vigentes, los comerciantes afectados anticipan que recurrir\u00e1n a las v\u00edas correspondientes para defender sus actividades y, especialmente, las fuentes laborales que dependen de ellas.<\/p>\n","protected":false},"excerpt":{"rendered":"<p>La estructura ubicada en inmediaciones de la Plaza de Cafayate fue retirada por las autoridades. El municipio sostiene que el procedimiento forma parte de un proceso administrativo previamente notificado, mientras que el propietario asegura que nunca recibi\u00f3 esas comunicaciones y anticip\u00f3 que apelar\u00e1 la medida. Una ma\u00f1ana cargada de tensi\u00f3n se vivi\u00f3 este jueves en [&hellip;]<\/p>\n","protected":false},"author":2,"featured_media":117684,"comment_status":"closed","ping_status":"closed","sticky":false,"template":"","format":"standard","meta":{"_joinchat":[],"footnotes":""},"categories":[73],"tags":[],"class_list":["post-117682","post","type-post","status-publish","format-standard","has-post-thumbnail","category-noticias-general"],"amp_enabled":true,"_links":{"self":[{"href":"https:\/\/www.todoeldia.com\/index.php\/wp-json\/wp\/v2\/posts\/117682","targetHints":{"allow":["GET"]}}],"collection":[{"href":"https:\/\/www.todoeldia.com\/index.php\/wp-json\/wp\/v2\/posts"}],"about":[{"href":"https:\/\/www.todoeldia.com\/index.php\/wp-json\/wp\/v2\/types\/post"}],"author":[{"embeddable":true,"href":"https:\/\/www.todoeldia.com\/index.php\/wp-json\/wp\/v2\/users\/2"}],"replies":[{"embeddable":true,"href":"https:\/\/www.todoeldia.com\/index.php\/wp-json\/wp\/v2\/comments?post=117682"}],"version-history":[{"count":1,"href":"https:\/\/www.todoeldia.com\/index.php\/wp-json\/wp\/v2\/posts\/117682\/revisions"}],"predecessor-version":[{"id":117688,"href":"https:\/\/www.todoeldia.com\/index.php\/wp-json\/wp\/v2\/posts\/117682\/revisions\/117688"}],"wp:featuredmedia":[{"embeddable":true,"href":"https:\/\/www.todoeldia.com\/index.php\/wp-json\/wp\/v2\/media\/117684"}],"wp:attachment":[{"href":"https:\/\/www.todoeldia.com\/index.php\/wp-json\/wp\/v2\/media?parent=117682"}],"wp:term":[{"taxonomy":"category","embeddable":true,"href":"https:\/\/www.todoeldia.com\/index.php\/wp-json\/wp\/v2\/categories?post=117682"},{"taxonomy":"post_tag","embeddable":true,"href":"https:\/\/www.todoeldia.com\/index.php\/wp-json\/wp\/v2\/tags?post=117682"}],"curies":[{"name":"wp","href":"https:\/\/api.w.org\/{rel}","templated":true}]}}