{"id":117691,"date":"2026-09-03T12:19:31","date_gmt":"2026-09-03T15:19:31","guid":{"rendered":"https:\/\/www.todoeldia.com\/?p=117691"},"modified":"2026-09-03T12:19:32","modified_gmt":"2026-09-03T15:19:32","slug":"manana-de-caos-en-cafayate-un-conductor-se-desvanecio-al-volante-y-desato-un-choque-en-cadena","status":"publish","type":"post","link":"https:\/\/www.todoeldia.com\/index.php\/2026\/09\/03\/manana-de-caos-en-cafayate-un-conductor-se-desvanecio-al-volante-y-desato-un-choque-en-cadena\/","title":{"rendered":"Ma\u00f1ana de caos en Cafayate: un conductor se desvaneci\u00f3 al volante y desat\u00f3 un choque en cadena"},"content":{"rendered":"\n<p class=\"wp-block-paragraph\">El siniestro ocurri\u00f3 cerca de las 10:30 sobre calle G\u00fcemes Norte. Cinco adultos mayores que viajaban en un utilitario fueron trasladados al hospital con heridas leves. Una mujer debi\u00f3 ser llevada en un m\u00f3vil de Bomberos ante la demora de la ambulancia.<\/p>\n\n\n\n<p class=\"wp-block-paragraph\">Una ma\u00f1ana que transcurr\u00eda con normalidad termin\u00f3 abruptamente en medio de sirenas, veh\u00edculos da\u00f1ados y preocupaci\u00f3n en las calles de Cafayate. Cerca de las 10:30 de este martes, un conductor habr\u00eda sufrido una descompensaci\u00f3n mientras se encontraba al volante y perdi\u00f3 el control de su veh\u00edculo, provocando una colisi\u00f3n m\u00faltiple sobre calle G\u00fcemes Norte.<\/p>\n\n\n\n<p class=\"wp-block-paragraph\">El episodio gener\u00f3 un importante despliegue de emergencia y alter\u00f3 durante varios minutos la circulaci\u00f3n vehicular en uno de los sectores transitados de la ciudad.<\/p>\n\n\n\n<p class=\"wp-block-paragraph\">Se desvaneci\u00f3 mientras manejaba y perdi\u00f3 el control<\/p>\n\n\n\n<p class=\"wp-block-paragraph\">De acuerdo con la informaci\u00f3n preliminar, el conductor se encontraba circulando cuando repentinamente perdi\u00f3 el conocimiento al tratarse de una persona insulina dependiente. La situaci\u00f3n hizo que el veh\u00edculo quedara sin control y terminara impactando contra otros rodados.<\/p>\n\n\n\n<p class=\"wp-block-paragraph\">La secuencia deriv\u00f3 en un choque en cadena que involucr\u00f3 al utilitario en el que se desplazaba el hombre y a dos camionetas Toyota Hilux que se encontraban estacionadas.<\/p>\n\n\n\n<p class=\"wp-block-paragraph\">El violento impacto provoc\u00f3 importantes da\u00f1os materiales y convirti\u00f3 r\u00e1pidamente la escena en un operativo de emergencia.<\/p>\n\n\n\n<p class=\"wp-block-paragraph\">Cinco personas fueron trasladadas al hospital<\/p>\n\n\n\n<p class=\"wp-block-paragraph\">En el utilitario viajaban cinco personas mayores, quienes resultaron con lesiones que, en principio, ser\u00edan de car\u00e1cter leve.<\/p>\n\n\n\n<p class=\"wp-block-paragraph\">Todas fueron trasladadas hasta el hospital local para recibir asistencia m\u00e9dica y determinar el alcance de las heridas sufridas durante la colisi\u00f3n.<\/p>\n\n\n\n<p class=\"wp-block-paragraph\">Una de las pasajeras debi\u00f3 atravesar una situaci\u00f3n particular durante el operativo: ante las demoras en la llegada de una ambulancia, fue trasladada en un m\u00f3vil del cuerpo de Bomberos para garantizar que pudiera recibir atenci\u00f3n m\u00e9dica.<\/p>\n\n\n\n<p class=\"wp-block-paragraph\">La investigaci\u00f3n busca reconstruir la secuencia<\/p>\n\n\n\n<p class=\"wp-block-paragraph\">Ahora las autoridades deber\u00e1n determinar con precisi\u00f3n qu\u00e9 ocurri\u00f3 segundos antes del impacto y si el conductor efectivamente sufri\u00f3 una descompensaci\u00f3n que le hizo perder el conocimiento.<\/p>\n\n\n\n<p class=\"wp-block-paragraph\">La principal hip\u00f3tesis apunta a que el episodio m\u00e9dico habr\u00eda desencadenado la p\u00e9rdida de control del veh\u00edculo, aunque las circunstancias deber\u00e1n ser establecidas mediante las actuaciones correspondientes.<\/p>\n\n\n\n<p class=\"wp-block-paragraph\">Mientras se asist\u00eda a los heridos y se retiraban los veh\u00edculos afectados, el tr\u00e1nsito permaneci\u00f3 condicionado en calle G\u00fcemes Norte.<\/p>\n\n\n\n<p class=\"wp-block-paragraph\">El siniestro volvi\u00f3 a poner en escena la r\u00e1pida respuesta de los servicios de emergencia, aunque tambi\u00e9n dej\u00f3 expuesta la preocupaci\u00f3n por las demoras en la asistencia m\u00e9dica, que obligaron a recurrir a un m\u00f3vil de Bomberos para trasladar a una de las personas lesionadas.<\/p>\n","protected":false},"excerpt":{"rendered":"<p>El siniestro ocurri\u00f3 cerca de las 10:30 sobre calle G\u00fcemes Norte. Cinco adultos mayores que viajaban en un utilitario fueron trasladados al hospital con heridas leves. Una mujer debi\u00f3 ser llevada en un m\u00f3vil de Bomberos ante la demora de la ambulancia. Una ma\u00f1ana que transcurr\u00eda con normalidad termin\u00f3 abruptamente en medio de sirenas, veh\u00edculos [&hellip;]<\/p>\n","protected":false},"author":2,"featured_media":117693,"comment_status":"closed","ping_status":"closed","sticky":false,"template":"","format":"standard","meta":{"_joinchat":[],"footnotes":""},"categories":[1],"tags":[],"class_list":["post-117691","post","type-post","status-publish","format-standard","has-post-thumbnail","category-sin-categoria"],"amp_enabled":true,"_links":{"self":[{"href":"https:\/\/www.todoeldia.com\/index.php\/wp-json\/wp\/v2\/posts\/117691","targetHints":{"allow":["GET"]}}],"collection":[{"href":"https:\/\/www.todoeldia.com\/index.php\/wp-json\/wp\/v2\/posts"}],"about":[{"href":"https:\/\/www.todoeldia.com\/index.php\/wp-json\/wp\/v2\/types\/post"}],"author":[{"embeddable":true,"href":"https:\/\/www.todoeldia.com\/index.php\/wp-json\/wp\/v2\/users\/2"}],"replies":[{"embeddable":true,"href":"https:\/\/www.todoeldia.com\/index.php\/wp-json\/wp\/v2\/comments?post=117691"}],"version-history":[{"count":1,"href":"https:\/\/www.todoeldia.com\/index.php\/wp-json\/wp\/v2\/posts\/117691\/revisions"}],"predecessor-version":[{"id":117694,"href":"https:\/\/www.todoeldia.com\/index.php\/wp-json\/wp\/v2\/posts\/117691\/revisions\/117694"}],"wp:featuredmedia":[{"embeddable":true,"href":"https:\/\/www.todoeldia.com\/index.php\/wp-json\/wp\/v2\/media\/117693"}],"wp:attachment":[{"href":"https:\/\/www.todoeldia.com\/index.php\/wp-json\/wp\/v2\/media?parent=117691"}],"wp:term":[{"taxonomy":"category","embeddable":true,"href":"https:\/\/www.todoeldia.com\/index.php\/wp-json\/wp\/v2\/categories?post=117691"},{"taxonomy":"post_tag","embeddable":true,"href":"https:\/\/www.todoeldia.com\/index.php\/wp-json\/wp\/v2\/tags?post=117691"}],"curies":[{"name":"wp","href":"https:\/\/api.w.org\/{rel}","templated":true}]}}