{"id":117704,"date":"2026-09-03T14:20:53","date_gmt":"2026-09-03T17:20:53","guid":{"rendered":"https:\/\/www.todoeldia.com\/?p=117704"},"modified":"2026-09-03T14:20:54","modified_gmt":"2026-09-03T17:20:54","slug":"hernandez-berni-blanqueo-sus-viajes-al-exterior-reconocio-que-fue-a-conocer-a-su-hijo-y-volvio-a-apuntar-contra-mimessi","status":"publish","type":"post","link":"https:\/\/www.todoeldia.com\/index.php\/2026\/09\/03\/hernandez-berni-blanqueo-sus-viajes-al-exterior-reconocio-que-fue-a-conocer-a-su-hijo-y-volvio-a-apuntar-contra-mimessi\/","title":{"rendered":"Hern\u00e1ndez Berni blanque\u00f3 sus viajes al exterior, reconoci\u00f3 que fue a conocer a su hijo y volvi\u00f3 a apuntar contra Mimessi"},"content":{"rendered":"\n<p class=\"wp-block-paragraph\">El intendente de Tartagal intent\u00f3 explicar sus reiteradas salidas del pa\u00eds, asegur\u00f3 que trabaja en el \u00e1mbito privado y cuestion\u00f3 a quienes, seg\u00fan dijo, \u201cviven hace 20 a\u00f1os de la pol\u00edtica\u201d. En una entrevista radial tambi\u00e9n confirm\u00f3 p\u00fablicamente que es padre de un beb\u00e9 de cuatro meses y sostuvo que viaj\u00f3 al exterior para conocerlo. Mientras tanto, evit\u00f3 profundizar sobre otros cuestionamientos que sobrevuelan su gesti\u00f3n.<\/p>\n\n\n\n<p class=\"wp-block-paragraph\">El intendente de Tartagal, Franco Hern\u00e1ndez Berni, sali\u00f3 nuevamente a hablar de sus viajes al exterior y, lejos de esquivar el tema, decidi\u00f3 blanquear p\u00fablicamente una situaci\u00f3n que desde hace tiempo es comentada en distintos sectores de la ciudad.<\/p>\n\n\n\n<p class=\"wp-block-paragraph\">Durante una entrevista radial, el jefe comunal asegur\u00f3 que sus viajes obedecen tanto a cuestiones personales como a su actividad privada y marc\u00f3 una diferencia con otros dirigentes pol\u00edticos.<\/p>\n\n\n\n<p class=\"wp-block-paragraph\">\u201cYo trabajo por mi estudio y viajo, no soy como otros que viven hace 20 a\u00f1os de la pol\u00edtica\u201d, sostuvo Hern\u00e1ndez Berni.<\/p>\n\n\n\n<p class=\"wp-block-paragraph\">Pero la entrevista tambi\u00e9n dej\u00f3 una revelaci\u00f3n personal. El intendente reconoci\u00f3 que tiene un hijo, Sayab, de apenas cuatro meses, y explic\u00f3 que uno de sus viajes al exterior tuvo como objetivo conocerlo.<\/p>\n\n\n\n<p class=\"wp-block-paragraph\">\u201cTengo un hijo, Sayab, manantial de vida, que es la raz\u00f3n de mi vida. Fui a verlo\u201d, expres\u00f3.<\/p>\n\n\n\n<p class=\"wp-block-paragraph\">Hern\u00e1ndez Berni cuestion\u00f3 adem\u00e1s que sus cuestiones familiares sean utilizadas en la discusi\u00f3n pol\u00edtica y advirti\u00f3 que no permitir\u00e1 que, seg\u00fan sus palabras, se involucre a su familia para intentar desacreditarlo.<\/p>\n\n\n\n<figure class=\"wp-block-image size-large\"><img loading=\"lazy\" decoding=\"async\" width=\"1024\" height=\"543\" src=\"https:\/\/www.todoeldia.com\/wp-content\/uploads\/2026\/09\/image-29-1024x543.png\" alt=\"\" class=\"wp-image-117706\" srcset=\"https:\/\/www.todoeldia.com\/wp-content\/uploads\/2026\/09\/image-29-1024x543.png 1024w, https:\/\/www.todoeldia.com\/wp-content\/uploads\/2026\/09\/image-29-300x159-1.png 300w, https:\/\/www.todoeldia.com\/wp-content\/uploads\/2026\/09\/image-29-322x171.png 322w, https:\/\/www.todoeldia.com\/wp-content\/uploads\/2026\/09\/image-29-767x407.png 767w, https:\/\/www.todoeldia.com\/wp-content\/uploads\/2026\/09\/image-29-695x369.png 695w, https:\/\/www.todoeldia.com\/wp-content\/uploads\/2026\/09\/image-29-1067x566.png 1067w, https:\/\/www.todoeldia.com\/wp-content\/uploads\/2026\/09\/image-29.png 1210w\" sizes=\"auto, (max-width: 1024px) 100vw, 1024px\" \/><\/figure>\n\n\n\n<p class=\"wp-block-paragraph\">\u201cNo voy a permitir que, por salvarse, se metan con mi familia. Discutamos de pol\u00edtica\u201d, afirm\u00f3.<\/p>\n\n\n\n<p class=\"wp-block-paragraph\">El dato que hasta ahora no hab\u00eda hecho p\u00fablico<\/p>\n\n\n\n<p class=\"wp-block-paragraph\">El reconocimiento tambi\u00e9n expuso un aspecto de su vida personal que el intendente no hab\u00eda explicado p\u00fablicamente con anterioridad: es padre desde hace aproximadamente cuatro meses. Durante la entrevista no brind\u00f3 mayores precisiones sobre la madre del ni\u00f1o ni profundiz\u00f3 sobre las circunstancias familiares que rodean su paternidad.<\/p>\n\n\n\n<p class=\"wp-block-paragraph\">El debate, sin embargo, volvi\u00f3 r\u00e1pidamente al terreno pol\u00edtico.<\/p>\n\n\n\n<p class=\"wp-block-paragraph\">Otra vez, Mimessi en el centro de sus cuestionamientos<\/p>\n\n\n\n<p class=\"wp-block-paragraph\">Hern\u00e1ndez Berni volvi\u00f3 a responsabilizar al actual ministro de Desarrollo Humano, Mario Mimessi, por la difusi\u00f3n de informaci\u00f3n relacionada con sus viajes al exterior.<\/p>\n\n\n\n<p class=\"wp-block-paragraph\">No es la primera vez que el intendente coloca al exjefe comunal de Tartagal en el centro de sus cuestionamientos. En esta oportunidad, adem\u00e1s, intent\u00f3 reinstalar la discusi\u00f3n sobre una auditor\u00eda correspondiente al a\u00f1o 2020.<\/p>\n\n\n\n<p class=\"wp-block-paragraph\">Sobre ese punto, el exsecretario de Hacienda municipal Sergio Jure ya hab\u00eda sostenido que el informe hab\u00eda sido aprobado y que no exist\u00edan denuncias, una afirmaci\u00f3n que Hern\u00e1ndez Berni volvi\u00f3 a utilizar como argumento para cuestionar las interpretaciones pol\u00edticas que se hicieron alrededor de aquella documentaci\u00f3n.<\/p>\n\n\n\n<p class=\"wp-block-paragraph\">\u00bfDebe informar sus viajes al Concejo?<\/p>\n\n\n\n<p class=\"wp-block-paragraph\">Otro de los puntos que dej\u00f3 la entrevista fue la particular interpretaci\u00f3n del intendente sobre la obligaci\u00f3n de comunicar sus ausencias al Concejo Deliberante.<\/p>\n\n\n\n<p class=\"wp-block-paragraph\">Hern\u00e1ndez Berni sostuvo que no tiene obligaci\u00f3n de informar cada salida del pa\u00eds y plante\u00f3 que solamente debe hacerlo cuando su ausencia se extienda durante un determinado per\u00edodo.<\/p>\n\n\n\n<p class=\"wp-block-paragraph\">\u201cSi voy a ausentarme por 10 d\u00edas debo avisar; si no, no tengo por qu\u00e9 informar nada\u201d, manifest\u00f3.<\/p>\n\n\n\n<p class=\"wp-block-paragraph\">La definici\u00f3n abre nuevamente un debate pol\u00edtico e institucional sobre el alcance de las obligaciones del jefe comunal frente al cuerpo deliberativo y sobre la diferencia entre un viaje personal, una actividad privada y una ausencia formal del municipio.<\/p>\n\n\n\n<p class=\"wp-block-paragraph\">Los otros interrogantes que quedaron sin respuesta<\/p>\n\n\n\n<p class=\"wp-block-paragraph\">Mientras el intendente ofreci\u00f3 explicaciones sobre sus propios desplazamientos, quedaron flotando otros interrogantes vinculados al funcionamiento de la administraci\u00f3n municipal, entre ellos los cuestionamientos sobre empleados que, seg\u00fan se denuncia pol\u00edticamente, residir\u00edan en Salta capital u otras provincias y continuar\u00edan percibiendo sus salarios municipales.<\/p>\n\n\n\n<p class=\"wp-block-paragraph\">Sobre este punto, Hern\u00e1ndez Berni no profundiz\u00f3 durante la entrevista.<\/p>\n\n\n\n<p class=\"wp-block-paragraph\">As\u00ed, la pol\u00e9mica que comenz\u00f3 alrededor de sus viajes termin\u00f3 convirti\u00e9ndose en una explicaci\u00f3n p\u00fablica sobre su vida privada, su actividad profesional y su relaci\u00f3n con sus adversarios pol\u00edticos.<\/p>\n\n\n\n<p class=\"wp-block-paragraph\">El intendente confirm\u00f3 que viaj\u00f3 al exterior para conocer a su hijo y defendi\u00f3 su derecho a trasladarse por motivos laborales y personales. Pero mientras puso el foco en quienes difundieron sus viajes, quedaron pendientes las respuestas sobre los dem\u00e1s cuestionamientos que pesan sobre la administraci\u00f3n municipal.<\/p>\n\n\n\n<p class=\"wp-block-paragraph\">Y en Tartagal, donde la pol\u00edtica suele circular m\u00e1s r\u00e1pido que cualquier comunicado oficial, el episodio promete tener nuevos cap\u00edtulos.<\/p>\n","protected":false},"excerpt":{"rendered":"<p>El intendente de Tartagal intent\u00f3 explicar sus reiteradas salidas del pa\u00eds, asegur\u00f3 que trabaja en el \u00e1mbito privado y cuestion\u00f3 a quienes, seg\u00fan dijo, \u201cviven hace 20 a\u00f1os de la pol\u00edtica\u201d. En una entrevista radial tambi\u00e9n confirm\u00f3 p\u00fablicamente que es padre de un beb\u00e9 de cuatro meses y sostuvo que viaj\u00f3 al exterior para conocerlo. [&hellip;]<\/p>\n","protected":false},"author":2,"featured_media":83289,"comment_status":"closed","ping_status":"closed","sticky":false,"template":"","format":"standard","meta":{"_joinchat":[],"footnotes":""},"categories":[59],"tags":[],"class_list":["post-117704","post","type-post","status-publish","format-standard","has-post-thumbnail","category-politica"],"amp_enabled":true,"_links":{"self":[{"href":"https:\/\/www.todoeldia.com\/index.php\/wp-json\/wp\/v2\/posts\/117704","targetHints":{"allow":["GET"]}}],"collection":[{"href":"https:\/\/www.todoeldia.com\/index.php\/wp-json\/wp\/v2\/posts"}],"about":[{"href":"https:\/\/www.todoeldia.com\/index.php\/wp-json\/wp\/v2\/types\/post"}],"author":[{"embeddable":true,"href":"https:\/\/www.todoeldia.com\/index.php\/wp-json\/wp\/v2\/users\/2"}],"replies":[{"embeddable":true,"href":"https:\/\/www.todoeldia.com\/index.php\/wp-json\/wp\/v2\/comments?post=117704"}],"version-history":[{"count":1,"href":"https:\/\/www.todoeldia.com\/index.php\/wp-json\/wp\/v2\/posts\/117704\/revisions"}],"predecessor-version":[{"id":117707,"href":"https:\/\/www.todoeldia.com\/index.php\/wp-json\/wp\/v2\/posts\/117704\/revisions\/117707"}],"wp:featuredmedia":[{"embeddable":true,"href":"https:\/\/www.todoeldia.com\/index.php\/wp-json\/wp\/v2\/media\/83289"}],"wp:attachment":[{"href":"https:\/\/www.todoeldia.com\/index.php\/wp-json\/wp\/v2\/media?parent=117704"}],"wp:term":[{"taxonomy":"category","embeddable":true,"href":"https:\/\/www.todoeldia.com\/index.php\/wp-json\/wp\/v2\/categories?post=117704"},{"taxonomy":"post_tag","embeddable":true,"href":"https:\/\/www.todoeldia.com\/index.php\/wp-json\/wp\/v2\/tags?post=117704"}],"curies":[{"name":"wp","href":"https:\/\/api.w.org\/{rel}","templated":true}]}}