{"id":117713,"date":"2026-09-03T14:42:14","date_gmt":"2026-09-03T17:42:14","guid":{"rendered":"https:\/\/www.todoeldia.com\/?p=117713"},"modified":"2026-09-03T14:47:34","modified_gmt":"2026-09-03T17:47:34","slug":"tres-medicos-de-tartagal-ofrecieron-dinero-y-un-auto-para-evitar-el-juicio-por-la-muerte-de-un-joven-el-juez-rechazo-el-pedido","status":"publish","type":"post","link":"https:\/\/www.todoeldia.com\/index.php\/2026\/09\/03\/tres-medicos-de-tartagal-ofrecieron-dinero-y-un-auto-para-evitar-el-juicio-por-la-muerte-de-un-joven-el-juez-rechazo-el-pedido\/","title":{"rendered":"Tres m\u00e9dicos de Tartagal ofrecieron dinero y un auto para evitar el juicio por la muerte de un joven: el juez rechaz\u00f3 el pedido"},"content":{"rendered":"\n<p class=\"wp-block-paragraph\">El juez de Garant\u00edas 1, Marcelo Alvarado, rechaz\u00f3 el pedido de suspensi\u00f3n de juicio a prueba presentado por la defensa de tres profesionales del hospital Juan Domingo Per\u00f3n, imputados por homicidio culposo. El caso se inici\u00f3 tras la muerte de un adolescente de 17 a\u00f1os, quien falleci\u00f3 por una septicemia generalizada luego de atravesar un cuadro de peritonitis.<\/p>\n\n\n\n<p class=\"wp-block-paragraph\">La muerte de <strong>Agust\u00edn Herrera<\/strong>, de 17 a\u00f1os, volvi\u00f3 a colocar bajo la lupa la atenci\u00f3n m\u00e9dica en el hospital Juan Domingo Per\u00f3n de Tartagal. La causa judicial, que investiga la presunta responsabilidad de tres m\u00e9dicos por un caso de homicidio culposo por mala praxis, avanz\u00f3 ahora con una decisi\u00f3n que impide cerrar el proceso mediante una suspensi\u00f3n de juicio a prueba.<\/p>\n\n\n\n<p class=\"wp-block-paragraph\">El juez de Garant\u00edas 1 de Tartagal, Marcelo Alvarado, rechaz\u00f3 el pedido formulado por las defensas de los profesionales, quienes hab\u00edan planteado distintas alternativas para reparar el da\u00f1o y evitar la realizaci\u00f3n de un juicio. Los m\u00e9dicos involucrados ser\u00edan Araceli Gorgal; Antonio Padilla y el cirujano Alejandro Zerpa.<\/p>\n\n\n\n<p class=\"wp-block-paragraph\">La causa se origin\u00f3 a partir de la muerte del joven, ocurrida el 19 de octubre de 2025 en el hospital de Tartagal. De acuerdo con los elementos incorporados al expediente, el adolescente falleci\u00f3 como consecuencia de una septicemia generalizada, luego de presentar un cuadro de peritonitis.<\/p>\n\n\n\n<p class=\"wp-block-paragraph\">Una reparaci\u00f3n millonaria para evitar el juicio<\/p>\n\n\n\n<p class=\"wp-block-paragraph\">Durante la audiencia, los abogados de los m\u00e9dicos imputados presentaron diferentes propuestas de reparaci\u00f3n econ\u00f3mica y social.<\/p>\n\n\n\n<p class=\"wp-block-paragraph\">Entre las alternativas ofrecidas se incluyeron el pago de 25 millones de pesos por parte de uno de los profesionales y 10 millones de pesos por otro, adem\u00e1s de la entrega de un autom\u00f3vil, la realizaci\u00f3n de tareas comunitarias y la donaci\u00f3n de distintos elementos a instituciones.<\/p>\n\n\n\n<p class=\"wp-block-paragraph\">Los m\u00e9dicos tambi\u00e9n solicitaron conservar intacta su posibilidad de ejercer la profesi\u00f3n. En ese sentido, plantearon que no fueran inhabilitados para trabajar, argumentando que necesitaban continuar con su actividad para afrontar sus compromisos econ\u00f3micos mientras se desarrollaba esta instancia judicial.<\/p>\n\n\n\n<p class=\"wp-block-paragraph\">El padre del adolescente, constituido como querellante, y las restantes partes consintieron la reparaci\u00f3n propuesta, dejando abierta la posibilidad de avanzar posteriormente por la v\u00eda civil.<\/p>\n\n\n\n<p class=\"wp-block-paragraph\">Pero el acuerdo econ\u00f3mico no fue suficiente para cerrar el camino penal.<\/p>\n\n\n\n<p class=\"wp-block-paragraph\">El juez puso un l\u00edmite al pedido de probation<\/p>\n\n\n\n<p class=\"wp-block-paragraph\">Al analizar el planteo, Alvarado concluy\u00f3 que no estaban reunidos los requisitos necesarios para conceder la suspensi\u00f3n de juicio a prueba y rechaz\u00f3 la solicitud de las defensas.<\/p>\n\n\n\n<p class=\"wp-block-paragraph\">El magistrado fue particularmente contundente al cuestionar la pretensi\u00f3n de evitar el juicio mediante una reparaci\u00f3n econ\u00f3mica mientras, al mismo tiempo, se buscaba preservar sin restricciones la actividad profesional de los imputados.<\/p>\n\n\n\n<p class=\"wp-block-paragraph\">\u201cNo es razonable ni l\u00f3gico pretender evitar el juicio mediante el pago de una reparaci\u00f3n econ\u00f3mica y adem\u00e1s querer conservar intacta la actividad profesional en cuyo ejercicio se produjo el hecho investigado, como si no hubiese pasado nada\u201d.<\/p>\n\n\n\n<p class=\"wp-block-paragraph\">La resoluci\u00f3n mantiene abierta, de este modo, la v\u00eda penal contra los tres m\u00e9dicos y evita que el caso quede cerrado mediante una probation.<\/p>\n\n\n\n<p class=\"wp-block-paragraph\">Detr\u00e1s del expediente hay una familia que perdi\u00f3 a un adolescente de 17 a\u00f1os y una investigaci\u00f3n que deber\u00e1 determinar, en definitiva, si existi\u00f3 responsabilidad penal de los profesionales involucrados y cu\u00e1l fue el alcance de sus actuaciones en las horas previas a la muerte.<\/p>\n\n\n\n<p class=\"wp-block-paragraph\">La reparaci\u00f3n econ\u00f3mica podr\u00e1 ser discutida en el \u00e1mbito correspondiente, pero para el juez Alvarado no alcanza para borrar la investigaci\u00f3n penal. Ahora, la causa deber\u00e1 continuar su curso y ser\u00e1n las pruebas las que determinen si los m\u00e9dicos deber\u00e1n responder ante un tribunal por la muerte del joven.<\/p>\n","protected":false},"excerpt":{"rendered":"<p>El juez de Garant\u00edas 1, Marcelo Alvarado, rechaz\u00f3 el pedido de suspensi\u00f3n de juicio a prueba presentado por la defensa de tres profesionales del hospital Juan Domingo Per\u00f3n, imputados por homicidio culposo. El caso se inici\u00f3 tras la muerte de un adolescente de 17 a\u00f1os, quien falleci\u00f3 por una septicemia generalizada luego de atravesar un [&hellip;]<\/p>\n","protected":false},"author":2,"featured_media":113673,"comment_status":"closed","ping_status":"closed","sticky":false,"template":"","format":"standard","meta":{"_joinchat":[],"footnotes":""},"categories":[73],"tags":[],"class_list":["post-117713","post","type-post","status-publish","format-standard","has-post-thumbnail","category-noticias-general"],"amp_enabled":true,"_links":{"self":[{"href":"https:\/\/www.todoeldia.com\/index.php\/wp-json\/wp\/v2\/posts\/117713","targetHints":{"allow":["GET"]}}],"collection":[{"href":"https:\/\/www.todoeldia.com\/index.php\/wp-json\/wp\/v2\/posts"}],"about":[{"href":"https:\/\/www.todoeldia.com\/index.php\/wp-json\/wp\/v2\/types\/post"}],"author":[{"embeddable":true,"href":"https:\/\/www.todoeldia.com\/index.php\/wp-json\/wp\/v2\/users\/2"}],"replies":[{"embeddable":true,"href":"https:\/\/www.todoeldia.com\/index.php\/wp-json\/wp\/v2\/comments?post=117713"}],"version-history":[{"count":2,"href":"https:\/\/www.todoeldia.com\/index.php\/wp-json\/wp\/v2\/posts\/117713\/revisions"}],"predecessor-version":[{"id":117718,"href":"https:\/\/www.todoeldia.com\/index.php\/wp-json\/wp\/v2\/posts\/117713\/revisions\/117718"}],"wp:featuredmedia":[{"embeddable":true,"href":"https:\/\/www.todoeldia.com\/index.php\/wp-json\/wp\/v2\/media\/113673"}],"wp:attachment":[{"href":"https:\/\/www.todoeldia.com\/index.php\/wp-json\/wp\/v2\/media?parent=117713"}],"wp:term":[{"taxonomy":"category","embeddable":true,"href":"https:\/\/www.todoeldia.com\/index.php\/wp-json\/wp\/v2\/categories?post=117713"},{"taxonomy":"post_tag","embeddable":true,"href":"https:\/\/www.todoeldia.com\/index.php\/wp-json\/wp\/v2\/tags?post=117713"}],"curies":[{"name":"wp","href":"https:\/\/api.w.org\/{rel}","templated":true}]}}