{"id":117720,"date":"2026-09-03T15:00:59","date_gmt":"2026-09-03T18:00:59","guid":{"rendered":"https:\/\/www.todoeldia.com\/?p=117720"},"modified":"2026-09-03T15:01:00","modified_gmt":"2026-09-03T18:01:00","slug":"camioneta-secuestrada-y-documentos-falsos-pidieron-condenar-a-los-cuatro-acusados-por-sacarla-del-canchon-municipal","status":"publish","type":"post","link":"https:\/\/www.todoeldia.com\/index.php\/2026\/09\/03\/camioneta-secuestrada-y-documentos-falsos-pidieron-condenar-a-los-cuatro-acusados-por-sacarla-del-canchon-municipal\/","title":{"rendered":"Camioneta secuestrada y documentos falsos: pidieron condenar a los cuatro acusados por sacarla del canch\u00f3n municipal"},"content":{"rendered":"\n<p class=\"wp-block-paragraph\">El juicio entr\u00f3 en su etapa decisiva. La fiscal interina de la Unidad de Delitos Econ\u00f3micos Complejos (UDEC), Ana In\u00e9s Salinas Odorisio, sostuvo que durante el debate qued\u00f3 acreditada la responsabilidad penal de los cuatro imputados por una serie de maniobras destinadas a retirar sin autorizaci\u00f3n una camioneta que permanec\u00eda secuestrada en el canch\u00f3n municipal.<\/p>\n\n\n\n<p class=\"wp-block-paragraph\">El hecho ocurri\u00f3 en enero de 2024 y deriv\u00f3 en una investigaci\u00f3n que ahora llega a su instancia final. En sus alegatos, la representante del Ministerio P\u00fablico repas\u00f3 la prueba incorporada durante el juicio y pidi\u00f3 que los cuatro acusados sean declarados penalmente responsables, aunque con distintos grados de participaci\u00f3n seg\u00fan el rol que cada uno habr\u00eda cumplido.<\/p>\n\n\n\n<p class=\"wp-block-paragraph\">El abogado Mart\u00edn Miguel Poma Ovejero es el principal acusado y, adem\u00e1s de la causa por la camioneta, enfrenta las otras dos causas acumuladas. La Fiscal\u00eda le atribuye participaci\u00f3n necesaria en el peculado, coautor\u00eda en distintos delitos y dos hechos de falsedad de instrumento p\u00fablico.<\/p>\n\n\n\n<p class=\"wp-block-paragraph\">Ramiro Mauricio Maldonado Blanque, se\u00f1alado como quien conduc\u00eda la camioneta al momento del siniestro. Est\u00e1 acusado como part\u00edcipe necesario de peculado y coautor de resistencia a la autoridad, lesiones, robo y da\u00f1o agravado.<\/p>\n\n\n\n<p class=\"wp-block-paragraph\">C\u00e9sar Eduardo Acosta, acusado como coautor de resistencia a la autoridad, lesiones, robo y da\u00f1o agravado. Seg\u00fan la investigaci\u00f3n, viajaba como acompa\u00f1ante de Maldonado Blanque cuando ocurri\u00f3 el siniestro.<\/p>\n\n\n\n<p class=\"wp-block-paragraph\">Julio Conte empleado municipal que se desempe\u00f1aba como ret\u00e9n y ten\u00eda a su cargo la custodia de los veh\u00edculos secuestrados en el canch\u00f3n. Est\u00e1 acusado como autor de peculado.<\/p>\n\n\n\n<p class=\"wp-block-paragraph\">Para el empleado del canch\u00f3n municipal, la Fiscal\u00eda solicit\u00f3 responsabilidad como autor del delito de peculado. Respecto del abogado, pidi\u00f3 condena por resistencia a la autoridad, da\u00f1os doblemente agravados y dos hechos de falsificaci\u00f3n de instrumento p\u00fablico, adem\u00e1s de considerarlo part\u00edcipe necesario del peculado.<\/p>\n\n\n\n<figure class=\"wp-block-image size-large\"><img loading=\"lazy\" decoding=\"async\" width=\"1024\" height=\"683\" src=\"https:\/\/www.todoeldia.com\/wp-content\/uploads\/2026\/09\/image-30-1024x683.png\" alt=\"\" class=\"wp-image-117723\" srcset=\"https:\/\/www.todoeldia.com\/wp-content\/uploads\/2026\/09\/image-30-1024x683.png 1024w, https:\/\/www.todoeldia.com\/wp-content\/uploads\/2026\/09\/image-30-300x200-1.png 300w, https:\/\/www.todoeldia.com\/wp-content\/uploads\/2026\/09\/image-30-768x512.png 768w, https:\/\/www.todoeldia.com\/wp-content\/uploads\/2026\/09\/image-30-324x216.png 324w, https:\/\/www.todoeldia.com\/wp-content\/uploads\/2026\/09\/image-30-696x464.png 696w, https:\/\/www.todoeldia.com\/wp-content\/uploads\/2026\/09\/image-30-1068x712.png 1068w, https:\/\/www.todoeldia.com\/wp-content\/uploads\/2026\/09\/image-30.png 1080w\" sizes=\"auto, (max-width: 1024px) 100vw, 1024px\" \/><\/figure>\n\n\n\n<p class=\"wp-block-paragraph\">En cuanto al tercer acusado, se\u00f1alado por haber circulado utilizando de manera impropia la camioneta, la Fiscal\u00eda solicit\u00f3 que sea declarado part\u00edcipe necesario del peculado, aunque retir\u00f3 la acusaci\u00f3n en su contra por resistencia a la autoridad.<\/p>\n\n\n\n<p class=\"wp-block-paragraph\">Finalmente, para el cuarto imputado requiri\u00f3 una declaraci\u00f3n de responsabilidad por resistencia a la autoridad en calidad de coautor.<\/p>\n\n\n\n<p class=\"wp-block-paragraph\">El debate es presidido por el juez del distrito Centro, Guillermo Pereyra, mientras que las defensas est\u00e1n a cargo de Fernando D\u00edaz Zabalaga, Marcos Gorriti y la defensora oficial penal Mar\u00eda de la Paz Saravia.<\/p>\n\n\n\n<p class=\"wp-block-paragraph\">Un abogado, tres causas y un juicio que acumula acusaciones<\/p>\n\n\n\n<p class=\"wp-block-paragraph\">El proceso no se limita al episodio de la camioneta. El juicio re\u00fane tres causas acumuladas contra el abogado, entre ellas una investigaci\u00f3n por estafa y falsificaci\u00f3n de documento en concurso ideal, vinculada con una operaci\u00f3n inmobiliaria realizada en General G\u00fcemes.<\/p>\n\n\n\n<p class=\"wp-block-paragraph\">A esa acusaci\u00f3n se suma otra por desobediencia judicial e incumplimiento de los deberes de asistencia familiar, lo que ampl\u00eda el escenario judicial que enfrenta el profesional.<\/p>\n\n\n\n<p class=\"wp-block-paragraph\">Con los alegatos de la Fiscal\u00eda ya expuestos, ahora ser\u00e1 el turno de las defensas t\u00e9cnicas. Sus argumentos ser\u00e1n determinantes antes de que el tribunal avance hacia la etapa final del proceso y quede en condiciones de resolver la situaci\u00f3n de los cuatro acusados.<\/p>\n","protected":false},"excerpt":{"rendered":"<p>El juicio entr\u00f3 en su etapa decisiva. La fiscal interina de la Unidad de Delitos Econ\u00f3micos Complejos (UDEC), Ana In\u00e9s Salinas Odorisio, sostuvo que durante el debate qued\u00f3 acreditada la responsabilidad penal de los cuatro imputados por una serie de maniobras destinadas a retirar sin autorizaci\u00f3n una camioneta que permanec\u00eda secuestrada en el canch\u00f3n municipal. [&hellip;]<\/p>\n","protected":false},"author":2,"featured_media":117722,"comment_status":"closed","ping_status":"closed","sticky":false,"template":"","format":"standard","meta":{"_joinchat":[],"footnotes":""},"categories":[73],"tags":[],"class_list":["post-117720","post","type-post","status-publish","format-standard","has-post-thumbnail","category-noticias-general"],"amp_enabled":true,"_links":{"self":[{"href":"https:\/\/www.todoeldia.com\/index.php\/wp-json\/wp\/v2\/posts\/117720","targetHints":{"allow":["GET"]}}],"collection":[{"href":"https:\/\/www.todoeldia.com\/index.php\/wp-json\/wp\/v2\/posts"}],"about":[{"href":"https:\/\/www.todoeldia.com\/index.php\/wp-json\/wp\/v2\/types\/post"}],"author":[{"embeddable":true,"href":"https:\/\/www.todoeldia.com\/index.php\/wp-json\/wp\/v2\/users\/2"}],"replies":[{"embeddable":true,"href":"https:\/\/www.todoeldia.com\/index.php\/wp-json\/wp\/v2\/comments?post=117720"}],"version-history":[{"count":1,"href":"https:\/\/www.todoeldia.com\/index.php\/wp-json\/wp\/v2\/posts\/117720\/revisions"}],"predecessor-version":[{"id":117724,"href":"https:\/\/www.todoeldia.com\/index.php\/wp-json\/wp\/v2\/posts\/117720\/revisions\/117724"}],"wp:featuredmedia":[{"embeddable":true,"href":"https:\/\/www.todoeldia.com\/index.php\/wp-json\/wp\/v2\/media\/117722"}],"wp:attachment":[{"href":"https:\/\/www.todoeldia.com\/index.php\/wp-json\/wp\/v2\/media?parent=117720"}],"wp:term":[{"taxonomy":"category","embeddable":true,"href":"https:\/\/www.todoeldia.com\/index.php\/wp-json\/wp\/v2\/categories?post=117720"},{"taxonomy":"post_tag","embeddable":true,"href":"https:\/\/www.todoeldia.com\/index.php\/wp-json\/wp\/v2\/tags?post=117720"}],"curies":[{"name":"wp","href":"https:\/\/api.w.org\/{rel}","templated":true}]}}