{"id":117732,"date":"2026-09-04T13:30:11","date_gmt":"2026-09-04T16:30:11","guid":{"rendered":"https:\/\/www.todoeldia.com\/?p=117732"},"modified":"2026-09-04T13:30:12","modified_gmt":"2026-09-04T16:30:12","slug":"cinco-camiones-protagonizaron-siniestros-viales-en-menos-de-24-horas-en-distintos-puntos-de-salta","status":"publish","type":"post","link":"https:\/\/www.todoeldia.com\/index.php\/2026\/09\/04\/cinco-camiones-protagonizaron-siniestros-viales-en-menos-de-24-horas-en-distintos-puntos-de-salta\/","title":{"rendered":"Cinco camiones protagonizaron siniestros viales en menos de 24 horas en distintos puntos de Salta"},"content":{"rendered":"\n<p class=\"wp-block-paragraph\">Choques, vuelcos y maniobras peligrosas encendieron las alarmas en las rutas y avenidas salte\u00f1as. Cuatro hechos fueron confirmados por la Polic\u00eda y un quinto episodio, registrado en la Ruta Nacional 34, comenz\u00f3 a circular en redes sociales.<\/p>\n\n\n\n<p class=\"wp-block-paragraph\">Desde la ma\u00f1ana del jueves hasta antes del mediod\u00eda de este viernes 4 de septiembre, al menos cinco camiones protagonizaron distintos siniestros viales en diferentes puntos de la provincia de Salta, en una sucesi\u00f3n de episodios que dej\u00f3 personas lesionadas, veh\u00edculos da\u00f1ados y escenas de fuerte impacto.<\/p>\n\n\n\n<p class=\"wp-block-paragraph\">La Polic\u00eda de Salta confirm\u00f3 oficialmente cuatro de estos hechos, mientras que un quinto siniestro fue reportado durante la ma\u00f1ana de este viernes a trav\u00e9s de un video difundido en redes sociales. En este \u00faltimo caso, las im\u00e1genes muestran un cami\u00f3n volcado a un costado de una ruta salte\u00f1a.<\/p>\n\n\n\n<p class=\"wp-block-paragraph\">Choque en una rotonda de la zona norte<\/p>\n\n\n\n<p class=\"wp-block-paragraph\">El primer episodio ocurri\u00f3 poco despu\u00e9s de las 9 del jueves, en la zona norte de la ciudad de Salta. En la rotonda que conecta las avenidas Patr\u00f3n Costas y Constituci\u00f3n, un autom\u00f3vil y un cami\u00f3n colisionaron lateralmente cuando ambos veh\u00edculos intentaban completar el giro.<\/p>\n\n\n\n<figure class=\"wp-block-image size-full is-resized\"><img loading=\"lazy\" decoding=\"async\" width=\"513\" height=\"500\" src=\"https:\/\/www.todoeldia.com\/wp-content\/uploads\/2026\/09\/choque-en-cadena-de-camiones.jpg\" alt=\"\" class=\"wp-image-117736\" style=\"width:951px;height:auto\" srcset=\"https:\/\/www.todoeldia.com\/wp-content\/uploads\/2026\/09\/choque-en-cadena-de-camiones.jpg 513w, https:\/\/www.todoeldia.com\/wp-content\/uploads\/2026\/09\/choque-en-cadena-de-camiones-300x292.jpg 300w, https:\/\/www.todoeldia.com\/wp-content\/uploads\/2026\/09\/choque-en-cadena-de-camiones-431x420.jpg 431w\" sizes=\"auto, (max-width: 513px) 100vw, 513px\" \/><\/figure>\n\n\n\n<p class=\"wp-block-paragraph\">De acuerdo con la informaci\u00f3n aportada, el impacto se habr\u00eda producido por una cuesti\u00f3n de distancia entre ambos rodados. El siniestro gener\u00f3 complicaciones en la circulaci\u00f3n y demand\u00f3 la intervenci\u00f3n de las autoridades.<\/p>\n\n\n\n<p class=\"wp-block-paragraph\">Vuelco de un cami\u00f3n de correo en General G\u00fcemes<\/p>\n\n\n\n<p class=\"wp-block-paragraph\">Horas m\u00e1s tarde, otro cami\u00f3n termin\u00f3 volcando sobre la Ruta Nacional 9\/34, en inmediaciones de General G\u00fcemes.<\/p>\n\n\n\n<p class=\"wp-block-paragraph\">El veh\u00edculo, perteneciente al servicio de correo, era conducido por un hombre de 52 a\u00f1os que habr\u00eda realizado una mala maniobra, provocando el vuelco. Como consecuencia del siniestro, el conductor sufri\u00f3 lesiones y debi\u00f3 ser asistido.<\/p>\n\n\n\n<p class=\"wp-block-paragraph\">Un cami\u00f3n choc\u00f3 contra dos motos en avenida Tavella<\/p>\n\n\n\n<p class=\"wp-block-paragraph\">La sucesi\u00f3n de accidentes continu\u00f3 alrededor de las 19.30, cuando un cami\u00f3n que circulaba por avenida Tavella protagoniz\u00f3 una colisi\u00f3n con dos motocicletas que intentaban incorporarse desde Ruta Provincial 26.<\/p>\n\n\n\n<p class=\"wp-block-paragraph\">Los dos motociclistas resultaron afectados, uno de ellos, un hombre de 55 a\u00f1os, sufri\u00f3 fracturas expuestas y fue trasladado para recibir atenci\u00f3n m\u00e9dica bajo c\u00f3digo amarillo.<\/p>\n\n\n\n<p class=\"wp-block-paragraph\">Vuelco de un cami\u00f3n con fertilizantes en el norte provincial<\/p>\n\n\n\n<p class=\"wp-block-paragraph\">El cuarto siniestro ocurri\u00f3 durante la madrugada de este viernes, aproximadamente a las 1.37, en el norte de la provincia.<\/p>\n\n\n\n<p class=\"wp-block-paragraph\">Un cami\u00f3n que transportaba una carga de fertilizantes era conducido por un hombre de 36 a\u00f1os cuando, seg\u00fan la informaci\u00f3n policial, realiz\u00f3 una maniobra evasiva ante la presencia de otro veh\u00edculo.<\/p>\n\n\n\n<p class=\"wp-block-paragraph\">La maniobra termin\u00f3 provocando la p\u00e9rdida de control y posterior vuelco del cami\u00f3n. Afortunadamente, el conductor result\u00f3 ileso.<\/p>\n\n\n\n<p class=\"wp-block-paragraph\">En el lugar trabaj\u00f3 personal de Gendarmer\u00eda Nacional, mientras se desarrollaban las tareas correspondientes tras el siniestro.<\/p>\n\n\n\n<p class=\"wp-block-paragraph\">Un quinto vuelco apareci\u00f3 en las redes<\/p>\n\n\n\n<p class=\"wp-block-paragraph\">La seguidilla de accidentes sum\u00f3 un nuevo episodio antes del mediod\u00eda de este viernes, cuando comenz\u00f3 a circular un video que mostrar\u00eda otro cami\u00f3n volcado sobre la Ruta Nacional 34, en cercan\u00edas de Campo Dur\u00e1n.<\/p>\n\n\n\n<p class=\"wp-block-paragraph\">Las im\u00e1genes fueron difundidas por la usuaria de Facebook \u201cClaudia Informa\u201d y permiten observar al veh\u00edculo a un costado de la ruta. A simple vista, no se advierten signos evidentes de una colisi\u00f3n.<\/p>\n\n\n\n<p class=\"wp-block-paragraph\">Por el momento, no existe informaci\u00f3n oficial sobre las circunstancias del vuelco ni sobre posibles personas heridas. De manera preliminar, se estima que el hecho habr\u00eda ocurrido antes de las 10 de este viernes.<\/p>\n\n\n\n<p class=\"wp-block-paragraph\">As\u00ed, en menos de 24 horas, cinco camiones quedaron involucrados en siniestros viales en distintos puntos de Salta, una sucesi\u00f3n de episodios que volvi\u00f3 a poner bajo la lupa las condiciones de circulaci\u00f3n, las maniobras de los conductores y la seguridad en las principales rutas y avenidas de la provincia.<\/p>\n","protected":false},"excerpt":{"rendered":"<p>Choques, vuelcos y maniobras peligrosas encendieron las alarmas en las rutas y avenidas salte\u00f1as. Cuatro hechos fueron confirmados por la Polic\u00eda y un quinto episodio, registrado en la Ruta Nacional 34, comenz\u00f3 a circular en redes sociales. Desde la ma\u00f1ana del jueves hasta antes del mediod\u00eda de este viernes 4 de septiembre, al menos cinco [&hellip;]<\/p>\n","protected":false},"author":2,"featured_media":117735,"comment_status":"closed","ping_status":"closed","sticky":false,"template":"","format":"standard","meta":{"_joinchat":[],"footnotes":""},"categories":[73],"tags":[],"class_list":["post-117732","post","type-post","status-publish","format-standard","has-post-thumbnail","category-noticias-general"],"amp_enabled":true,"_links":{"self":[{"href":"https:\/\/www.todoeldia.com\/index.php\/wp-json\/wp\/v2\/posts\/117732","targetHints":{"allow":["GET"]}}],"collection":[{"href":"https:\/\/www.todoeldia.com\/index.php\/wp-json\/wp\/v2\/posts"}],"about":[{"href":"https:\/\/www.todoeldia.com\/index.php\/wp-json\/wp\/v2\/types\/post"}],"author":[{"embeddable":true,"href":"https:\/\/www.todoeldia.com\/index.php\/wp-json\/wp\/v2\/users\/2"}],"replies":[{"embeddable":true,"href":"https:\/\/www.todoeldia.com\/index.php\/wp-json\/wp\/v2\/comments?post=117732"}],"version-history":[{"count":1,"href":"https:\/\/www.todoeldia.com\/index.php\/wp-json\/wp\/v2\/posts\/117732\/revisions"}],"predecessor-version":[{"id":117737,"href":"https:\/\/www.todoeldia.com\/index.php\/wp-json\/wp\/v2\/posts\/117732\/revisions\/117737"}],"wp:featuredmedia":[{"embeddable":true,"href":"https:\/\/www.todoeldia.com\/index.php\/wp-json\/wp\/v2\/media\/117735"}],"wp:attachment":[{"href":"https:\/\/www.todoeldia.com\/index.php\/wp-json\/wp\/v2\/media?parent=117732"}],"wp:term":[{"taxonomy":"category","embeddable":true,"href":"https:\/\/www.todoeldia.com\/index.php\/wp-json\/wp\/v2\/categories?post=117732"},{"taxonomy":"post_tag","embeddable":true,"href":"https:\/\/www.todoeldia.com\/index.php\/wp-json\/wp\/v2\/tags?post=117732"}],"curies":[{"name":"wp","href":"https:\/\/api.w.org\/{rel}","templated":true}]}}