{"id":117757,"date":"2026-09-04T17:01:02","date_gmt":"2026-09-04T20:01:02","guid":{"rendered":"https:\/\/www.todoeldia.com\/?p=117757"},"modified":"2026-09-04T17:01:03","modified_gmt":"2026-09-04T20:01:03","slug":"desde-este-sabado-cambia-la-justicia-penal-juvenil-menores-desde-los-14-anos-podran-ser-juzgados-y-habra-nuevas-penas","status":"publish","type":"post","link":"https:\/\/www.todoeldia.com\/index.php\/2026\/09\/04\/desde-este-sabado-cambia-la-justicia-penal-juvenil-menores-desde-los-14-anos-podran-ser-juzgados-y-habra-nuevas-penas\/","title":{"rendered":"Desde este s\u00e1bado cambia la Justicia Penal Juvenil: menores desde los 14 a\u00f1os podr\u00e1n ser juzgados y habr\u00e1 nuevas penas"},"content":{"rendered":"\n<p class=\"wp-block-paragraph\">El nuevo r\u00e9gimen penal juvenil entra en vigencia con un cambio central: baja de 16 a 14 a\u00f1os la edad a partir de la cual un adolescente puede ser sometido a un proceso penal por determinados delitos. La normativa incorpora penas alternativas, monitoreo electr\u00f3nico, reparaci\u00f3n del da\u00f1o y nuevas condiciones para la privaci\u00f3n de la libertad.<\/p>\n\n\n\n<p class=\"wp-block-paragraph\">A partir de este s\u00e1bado 5 de septiembre, comenzar\u00e1 a regir en Argentina el nuevo r\u00e9gimen penal juvenil establecido por la Ley 27.801, una normativa que modifica el sistema vigente desde la d\u00e9cada de 1980 y establece nuevos criterios para abordar los delitos cometidos por adolescentes.<\/p>\n\n\n\n<p class=\"wp-block-paragraph\">La principal modificaci\u00f3n es el descenso de la edad de imputabilidad de 16 a 14 a\u00f1os, lo que permitir\u00e1 que adolescentes de esa edad puedan ser juzgados por los delitos contemplados en la nueva legislaci\u00f3n. Las penas podr\u00e1n alcanzar hasta 15 a\u00f1os, de acuerdo con las caracter\u00edsticas y gravedad de cada hecho.<\/p>\n\n\n\n<p class=\"wp-block-paragraph\">La ley sostiene que uno de sus objetivos es fomentar en el adolescente imputado el sentido de responsabilidad por sus actos, adem\u00e1s de promover su educaci\u00f3n, resocializaci\u00f3n e integraci\u00f3n social.<\/p>\n\n\n\n<p class=\"wp-block-paragraph\">Un nuevo esquema de penas<\/p>\n\n\n\n<p class=\"wp-block-paragraph\">El r\u00e9gimen incorpora un abanico de sanciones que busca establecer respuestas diferentes a la prisi\u00f3n, de acuerdo con la gravedad del delito y las circunstancias particulares de cada caso.<\/p>\n\n\n\n<p class=\"wp-block-paragraph\">Entre las penas previstas se encuentran:<\/p>\n\n\n\n<ul class=\"wp-block-list\">\n<li>Amonestaciones.<\/li>\n\n\n\n<li>Prohibici\u00f3n de acercarse o mantener contacto con la v\u00edctima, sus familiares u otras personas.<\/li>\n\n\n\n<li>Prohibici\u00f3n de conducir veh\u00edculos.<\/li>\n\n\n\n<li>Prohibici\u00f3n de concurrir a determinados establecimientos, espect\u00e1culos o eventos deportivos, musicales y culturales.<\/li>\n\n\n\n<li>Prohibici\u00f3n de salir del pa\u00eds o del lugar de residencia.<\/li>\n\n\n\n<li>Trabajos o servicios en beneficio de la comunidad.<\/li>\n\n\n\n<li>Monitoreo electr\u00f3nico mediante dispositivo de rastreo.<\/li>\n\n\n\n<li>Reparaci\u00f3n integral del da\u00f1o ocasionado a la v\u00edctima.<\/li>\n\n\n\n<li>Penas privativas de libertad en el domicilio, en institutos abiertos o en establecimientos especializados de detenci\u00f3n.<\/li>\n<\/ul>\n\n\n\n<p class=\"wp-block-paragraph\">Cu\u00e1ndo podr\u00e1 evitarse la prisi\u00f3n<\/p>\n\n\n\n<p class=\"wp-block-paragraph\">Uno de los puntos centrales del nuevo r\u00e9gimen establece mecanismos para evitar la aplicaci\u00f3n de una pena de prisi\u00f3n en determinadas circunstancias.<\/p>\n\n\n\n<p class=\"wp-block-paragraph\">La normativa contempla esta posibilidad cuando la pena no supere los tres a\u00f1os. Tambi\u00e9n establece supuestos para condenas de entre tres y diez a\u00f1os, siempre que el delito no haya provocado la muerte de la v\u00edctima ni implicado graves niveles de violencia f\u00edsica o ps\u00edquica, y que el adolescente no registre otras condenas o procesos en curso.<\/p>\n\n\n\n<p class=\"wp-block-paragraph\">En estos casos, deber\u00e1n establecerse medidas orientadas a la educaci\u00f3n, capacitaci\u00f3n laboral, trabajo y toma de conciencia sobre la gravedad del delito cometido, con el objetivo de favorecer la resocializaci\u00f3n y el desarrollo personal del adolescente.<\/p>\n\n\n\n<p class=\"wp-block-paragraph\">Los menores detenidos no podr\u00e1n compartir espacios con adultos<\/p>\n\n\n\n<p class=\"wp-block-paragraph\">La nueva legislaci\u00f3n tambi\u00e9n establece condiciones espec\u00edficas para el cumplimiento de las medidas de privaci\u00f3n de libertad.<\/p>\n\n\n\n<p class=\"wp-block-paragraph\">Los adolescentes deber\u00e1n permanecer en dependencias especialmente acondicionadas para menores de edad, sin compartir alojamiento con personas adultas.<\/p>\n\n\n\n<p class=\"wp-block-paragraph\">Adem\u00e1s, tendr\u00e1n derecho a acceder a programas destinados a completar sus estudios obligatorios, capacitaci\u00f3n laboral, formaci\u00f3n ciudadana, actividades deportivas y otras herramientas destinadas a facilitar su futura integraci\u00f3n social.<\/p>\n\n\n\n<p class=\"wp-block-paragraph\">Qu\u00e9 ocurre despu\u00e9s de cumplir parte de la condena<\/p>\n\n\n\n<p class=\"wp-block-paragraph\">El r\u00e9gimen contempla tambi\u00e9n una alternativa para aquellos adolescentes que hayan cumplido dos tercios de la pena en detenci\u00f3n y re\u00fanan las condiciones previstas por el C\u00f3digo Penal para acceder a la libertad condicional.<\/p>\n\n\n\n<p class=\"wp-block-paragraph\">En esas circunstancias, podr\u00e1n continuar cumpliendo la sentencia mediante alguna de las otras penas contempladas por la nueva legislaci\u00f3n.<\/p>\n\n\n\n<p class=\"wp-block-paragraph\">Pero el sistema tambi\u00e9n establece consecuencias ante los incumplimientos.<\/p>\n\n\n\n<p class=\"wp-block-paragraph\">Si un adolescente incumple injustificadamente una pena alternativa impuesta como condena, el juez deber\u00e1 reemplazarla por otra sanci\u00f3n de mayor gravedad.<\/p>\n\n\n\n<p class=\"wp-block-paragraph\">Protecci\u00f3n de la identidad de los adolescentes<\/p>\n\n\n\n<p class=\"wp-block-paragraph\">A pesar de los cambios introducidos por la nueva normativa, se mantiene una de las principales reglas de protecci\u00f3n de los menores involucrados en causas penales.<\/p>\n\n\n\n<p class=\"wp-block-paragraph\">Est\u00e1 prohibida la difusi\u00f3n de nombres, sobrenombres, filiaci\u00f3n, parentesco, domicilio o residencia del adolescente imputado, as\u00ed como fotograf\u00edas u otros datos que permitan identificarlo.<\/p>\n\n\n\n<p class=\"wp-block-paragraph\">Con la entrada en vigencia del nuevo r\u00e9gimen, el sistema penal juvenil argentino inicia as\u00ed una nueva etapa, marcada por una edad de imputabilidad m\u00e1s baja, nuevas herramientas de sanci\u00f3n y un esquema que combina responsabilidad penal, educaci\u00f3n y resocializaci\u00f3n.<\/p>\n","protected":false},"excerpt":{"rendered":"<p>El nuevo r\u00e9gimen penal juvenil entra en vigencia con un cambio central: baja de 16 a 14 a\u00f1os la edad a partir de la cual un adolescente puede ser sometido a un proceso penal por determinados delitos. La normativa incorpora penas alternativas, monitoreo electr\u00f3nico, reparaci\u00f3n del da\u00f1o y nuevas condiciones para la privaci\u00f3n de la [&hellip;]<\/p>\n","protected":false},"author":2,"featured_media":70371,"comment_status":"closed","ping_status":"closed","sticky":false,"template":"","format":"standard","meta":{"_joinchat":[],"footnotes":""},"categories":[63],"tags":[],"class_list":["post-117757","post","type-post","status-publish","format-standard","has-post-thumbnail","category-policiales"],"amp_enabled":true,"_links":{"self":[{"href":"https:\/\/www.todoeldia.com\/index.php\/wp-json\/wp\/v2\/posts\/117757","targetHints":{"allow":["GET"]}}],"collection":[{"href":"https:\/\/www.todoeldia.com\/index.php\/wp-json\/wp\/v2\/posts"}],"about":[{"href":"https:\/\/www.todoeldia.com\/index.php\/wp-json\/wp\/v2\/types\/post"}],"author":[{"embeddable":true,"href":"https:\/\/www.todoeldia.com\/index.php\/wp-json\/wp\/v2\/users\/2"}],"replies":[{"embeddable":true,"href":"https:\/\/www.todoeldia.com\/index.php\/wp-json\/wp\/v2\/comments?post=117757"}],"version-history":[{"count":1,"href":"https:\/\/www.todoeldia.com\/index.php\/wp-json\/wp\/v2\/posts\/117757\/revisions"}],"predecessor-version":[{"id":117758,"href":"https:\/\/www.todoeldia.com\/index.php\/wp-json\/wp\/v2\/posts\/117757\/revisions\/117758"}],"wp:featuredmedia":[{"embeddable":true,"href":"https:\/\/www.todoeldia.com\/index.php\/wp-json\/wp\/v2\/media\/70371"}],"wp:attachment":[{"href":"https:\/\/www.todoeldia.com\/index.php\/wp-json\/wp\/v2\/media?parent=117757"}],"wp:term":[{"taxonomy":"category","embeddable":true,"href":"https:\/\/www.todoeldia.com\/index.php\/wp-json\/wp\/v2\/categories?post=117757"},{"taxonomy":"post_tag","embeddable":true,"href":"https:\/\/www.todoeldia.com\/index.php\/wp-json\/wp\/v2\/tags?post=117757"}],"curies":[{"name":"wp","href":"https:\/\/api.w.org\/{rel}","templated":true}]}}