{"id":117761,"date":"2026-09-05T11:52:41","date_gmt":"2026-09-05T14:52:41","guid":{"rendered":"https:\/\/www.todoeldia.com\/?p=117761"},"modified":"2026-09-05T11:52:42","modified_gmt":"2026-09-05T14:52:42","slug":"temblo-salta-durante-el-tiempo-del-milagro-un-sismo-de-47-sacudio-los-valles-y-tuvo-una-fuerte-replica","status":"publish","type":"post","link":"https:\/\/www.todoeldia.com\/index.php\/2026\/09\/05\/temblo-salta-durante-el-tiempo-del-milagro-un-sismo-de-47-sacudio-los-valles-y-tuvo-una-fuerte-replica\/","title":{"rendered":"Tembl\u00f3 Salta durante el tiempo del Milagro: un sismo de 4,7 sacudi\u00f3 los Valles y tuvo una fuerte r\u00e9plica"},"content":{"rendered":"\n<p class=\"wp-block-paragraph\">El movimiento s\u00edsmico se registr\u00f3 esta ma\u00f1ana, a las 8.37, y fue percibido en distintos puntos de la provincia. El epicentro se ubic\u00f3 a apenas 6 kil\u00f3metros de profundidad. Dos horas m\u00e1s tarde se produjo una r\u00e9plica de magnitud 4,6.<\/p>\n\n\n\n<p class=\"wp-block-paragraph\">La tranquilidad de la ma\u00f1ana se vio interrumpida por un fuerte movimiento s\u00edsmico que sorprendi\u00f3 a vecinos de distintos puntos de los Valles Calchaqu\u00edes. El temblor se registr\u00f3 a las 8.37 de este s\u00e1bado y alcanz\u00f3 una magnitud de 4,7, generando preocupaci\u00f3n entre quienes lo percibieron.<\/p>\n\n\n\n<p class=\"wp-block-paragraph\">El movimiento fue sentido principalmente en localidades como Molinos, Cafayate y San Carlos, aunque tambi\u00e9n hubo reportes de percepci\u00f3n en otros sectores de la provincia.<\/p>\n\n\n\n<p class=\"wp-block-paragraph\">Uno de los aspectos que llam\u00f3 especialmente la atenci\u00f3n fue la escasa profundidad del fen\u00f3meno. El epicentro se localiz\u00f3 a unos 6 kil\u00f3metros de profundidad, una caracter\u00edstica que puede hacer que un sismo sea percibido con mayor intensidad en superficie.<\/p>\n\n\n\n<p class=\"wp-block-paragraph\">Una segunda sacudida encendi\u00f3 nuevamente las alarmas<\/p>\n\n\n\n<p class=\"wp-block-paragraph\">Cuando todav\u00eda persist\u00eda la sorpresa por el primer movimiento, aproximadamente dos horas despu\u00e9s se registr\u00f3 una r\u00e9plica de magnitud 4,6.<\/p>\n\n\n\n<p class=\"wp-block-paragraph\">La nueva sacudida volvi\u00f3 a generar inquietud entre los pobladores de las zonas alcanzadas, especialmente en aquellas localidades donde el primer temblor hab\u00eda sido claramente perceptible.<\/p>\n\n\n\n<p class=\"wp-block-paragraph\">Molinos, Cafayate y San Carlos, entre las zonas donde se sinti\u00f3<\/p>\n\n\n\n<p class=\"wp-block-paragraph\">Los primeros reportes ubicaron a Molinos, Cafayate y San Carlos entre las localidades donde el movimiento fue advertido por los vecinos.<\/p>\n\n\n\n<p class=\"wp-block-paragraph\">El episodio se produjo adem\u00e1s en un momento particularmente significativo para la provincia, durante los d\u00edas del tiempo del Milagro, cuando miles de salte\u00f1os participan de las actividades religiosas y multitudinarias vinculadas a las celebraciones.<\/p>\n\n\n\n<p class=\"wp-block-paragraph\">Hasta el momento, el fen\u00f3meno s\u00edsmico gener\u00f3 principalmente alarma y preocupaci\u00f3n, mientras se aguardan mayores precisiones sobre sus caracter\u00edsticas y eventuales consecuencias.<\/p>\n","protected":false},"excerpt":{"rendered":"<p>El movimiento s\u00edsmico se registr\u00f3 esta ma\u00f1ana, a las 8.37, y fue percibido en distintos puntos de la provincia. El epicentro se ubic\u00f3 a apenas 6 kil\u00f3metros de profundidad. Dos horas m\u00e1s tarde se produjo una r\u00e9plica de magnitud 4,6. La tranquilidad de la ma\u00f1ana se vio interrumpida por un fuerte movimiento s\u00edsmico que sorprendi\u00f3 [&hellip;]<\/p>\n","protected":false},"author":2,"featured_media":117763,"comment_status":"closed","ping_status":"closed","sticky":false,"template":"","format":"standard","meta":{"_joinchat":[],"footnotes":""},"categories":[73],"tags":[],"class_list":["post-117761","post","type-post","status-publish","format-standard","has-post-thumbnail","category-noticias-general"],"amp_enabled":true,"_links":{"self":[{"href":"https:\/\/www.todoeldia.com\/index.php\/wp-json\/wp\/v2\/posts\/117761","targetHints":{"allow":["GET"]}}],"collection":[{"href":"https:\/\/www.todoeldia.com\/index.php\/wp-json\/wp\/v2\/posts"}],"about":[{"href":"https:\/\/www.todoeldia.com\/index.php\/wp-json\/wp\/v2\/types\/post"}],"author":[{"embeddable":true,"href":"https:\/\/www.todoeldia.com\/index.php\/wp-json\/wp\/v2\/users\/2"}],"replies":[{"embeddable":true,"href":"https:\/\/www.todoeldia.com\/index.php\/wp-json\/wp\/v2\/comments?post=117761"}],"version-history":[{"count":1,"href":"https:\/\/www.todoeldia.com\/index.php\/wp-json\/wp\/v2\/posts\/117761\/revisions"}],"predecessor-version":[{"id":117764,"href":"https:\/\/www.todoeldia.com\/index.php\/wp-json\/wp\/v2\/posts\/117761\/revisions\/117764"}],"wp:featuredmedia":[{"embeddable":true,"href":"https:\/\/www.todoeldia.com\/index.php\/wp-json\/wp\/v2\/media\/117763"}],"wp:attachment":[{"href":"https:\/\/www.todoeldia.com\/index.php\/wp-json\/wp\/v2\/media?parent=117761"}],"wp:term":[{"taxonomy":"category","embeddable":true,"href":"https:\/\/www.todoeldia.com\/index.php\/wp-json\/wp\/v2\/categories?post=117761"},{"taxonomy":"post_tag","embeddable":true,"href":"https:\/\/www.todoeldia.com\/index.php\/wp-json\/wp\/v2\/tags?post=117761"}],"curies":[{"name":"wp","href":"https:\/\/api.w.org\/{rel}","templated":true}]}}