{"id":117789,"date":"2026-09-06T13:34:12","date_gmt":"2026-09-06T16:34:12","guid":{"rendered":"https:\/\/www.todoeldia.com\/?p=117789"},"modified":"2026-09-06T13:34:13","modified_gmt":"2026-09-06T16:34:13","slug":"noche-de-gala-en-rio-piedras-isabella-carrizo-fue-electa-embajadora-estudiantil-2026-y-el-galpon-se-alista-para-la-gran-cita-provincial","status":"publish","type":"post","link":"https:\/\/www.todoeldia.com\/index.php\/2026\/09\/06\/noche-de-gala-en-rio-piedras-isabella-carrizo-fue-electa-embajadora-estudiantil-2026-y-el-galpon-se-alista-para-la-gran-cita-provincial\/","title":{"rendered":"Noche de gala en R\u00edo Piedras: Isabella Carrizo fue electa Embajadora Estudiantil 2026 y El Galp\u00f3n se alista para la gran cita provincial"},"content":{"rendered":"\n<p class=\"wp-block-paragraph\">En una velada marcada por el entusiasmo juvenil y el brillo de las delegaciones escolares, Isabella Carrizo, alumna de la Escuela de Educaci\u00f3n T\u00e9cnica N.\u00ba 3119, se consagr\u00f3 como la nueva Embajadora Estudiantil Departamental 2026. Con esta coronaci\u00f3n, la joven asume la responsabilidad de representar al departamento de Met\u00e1n en la pr\u00f3xima instancia provincial.<\/p>\n\n\n\n<p class=\"wp-block-paragraph\">El certamen, que reuni\u00f3 a estudiantes y familias de distintas localidades, tuvo su punto culminante al anunciarse el veredicto del jurado en la anfitriona localidad de R\u00edo Piedras. La elecci\u00f3n genera una singular expectativa en El Galp\u00f3n, no solo por el logro de su representante, sino porque el municipio ser\u00e1 la sede oficial donde se llevar\u00e1 a cabo la fiesta estudiantil a nivel provincial.<\/p>\n\n\n\n<figure class=\"wp-block-image size-full is-resized\"><img loading=\"lazy\" decoding=\"async\" width=\"829\" height=\"833\" src=\"https:\/\/www.todoeldia.com\/wp-content\/uploads\/2026\/09\/image-34.png\" alt=\"\" class=\"wp-image-117792\" style=\"width:952px;height:auto\" srcset=\"https:\/\/www.todoeldia.com\/wp-content\/uploads\/2026\/09\/image-34.png 829w, https:\/\/www.todoeldia.com\/wp-content\/uploads\/2026\/09\/image-34-150x150.png 150w, https:\/\/www.todoeldia.com\/wp-content\/uploads\/2026\/09\/image-34-299x300.png 299w, https:\/\/www.todoeldia.com\/wp-content\/uploads\/2026\/09\/image-34-767x771.png 767w, https:\/\/www.todoeldia.com\/wp-content\/uploads\/2026\/09\/image-34-300x301.png 300w, https:\/\/www.todoeldia.com\/wp-content\/uploads\/2026\/09\/image-34-696x699.png 696w\" sizes=\"auto, (max-width: 829px) 100vw, 829px\" \/><\/figure>\n\n\n\n<p class=\"wp-block-paragraph\">Reacciones e impacto institucional<\/p>\n\n\n\n<p class=\"wp-block-paragraph\">Autoridades de la Municipalidad de El Galp\u00f3n destacaron la importancia de acompa\u00f1ar a la juventud en estos espacios de participaci\u00f3n y fraternidad.<\/p>\n\n\n\n<p class=\"wp-block-paragraph\">El intendente Federico Sacca, junto a su equipo de gesti\u00f3n, expres\u00f3 sus felicitaciones a la flamante embajadora y augur\u00f3 un destacado desempe\u00f1o en la etapa venidera.<\/p>\n\n\n\n<p class=\"wp-block-paragraph\">Con la sede confirmada &#8220;en casa&#8221;, la comunidad galponense ya trabaja en los preparativos para albergar a las delegaciones de toda la provincia de Salta.<\/p>\n","protected":false},"excerpt":{"rendered":"<p>En una velada marcada por el entusiasmo juvenil y el brillo de las delegaciones escolares, Isabella Carrizo, alumna de la Escuela de Educaci\u00f3n T\u00e9cnica N.\u00ba 3119, se consagr\u00f3 como la nueva Embajadora Estudiantil Departamental 2026. Con esta coronaci\u00f3n, la joven asume la responsabilidad de representar al departamento de Met\u00e1n en la pr\u00f3xima instancia provincial. El [&hellip;]<\/p>\n","protected":false},"author":2,"featured_media":117790,"comment_status":"closed","ping_status":"closed","sticky":false,"template":"","format":"standard","meta":{"_joinchat":[],"footnotes":""},"categories":[73],"tags":[],"class_list":["post-117789","post","type-post","status-publish","format-standard","has-post-thumbnail","category-noticias-general"],"amp_enabled":true,"_links":{"self":[{"href":"https:\/\/www.todoeldia.com\/index.php\/wp-json\/wp\/v2\/posts\/117789","targetHints":{"allow":["GET"]}}],"collection":[{"href":"https:\/\/www.todoeldia.com\/index.php\/wp-json\/wp\/v2\/posts"}],"about":[{"href":"https:\/\/www.todoeldia.com\/index.php\/wp-json\/wp\/v2\/types\/post"}],"author":[{"embeddable":true,"href":"https:\/\/www.todoeldia.com\/index.php\/wp-json\/wp\/v2\/users\/2"}],"replies":[{"embeddable":true,"href":"https:\/\/www.todoeldia.com\/index.php\/wp-json\/wp\/v2\/comments?post=117789"}],"version-history":[{"count":1,"href":"https:\/\/www.todoeldia.com\/index.php\/wp-json\/wp\/v2\/posts\/117789\/revisions"}],"predecessor-version":[{"id":117793,"href":"https:\/\/www.todoeldia.com\/index.php\/wp-json\/wp\/v2\/posts\/117789\/revisions\/117793"}],"wp:featuredmedia":[{"embeddable":true,"href":"https:\/\/www.todoeldia.com\/index.php\/wp-json\/wp\/v2\/media\/117790"}],"wp:attachment":[{"href":"https:\/\/www.todoeldia.com\/index.php\/wp-json\/wp\/v2\/media?parent=117789"}],"wp:term":[{"taxonomy":"category","embeddable":true,"href":"https:\/\/www.todoeldia.com\/index.php\/wp-json\/wp\/v2\/categories?post=117789"},{"taxonomy":"post_tag","embeddable":true,"href":"https:\/\/www.todoeldia.com\/index.php\/wp-json\/wp\/v2\/tags?post=117789"}],"curies":[{"name":"wp","href":"https:\/\/api.w.org\/{rel}","templated":true}]}}