{"id":11824,"date":"2020-11-21T19:32:19","date_gmt":"2020-11-21T22:32:19","guid":{"rendered":"https:\/\/www.todoeldia.com\/?p=11824"},"modified":"2020-11-21T19:32:20","modified_gmt":"2020-11-21T22:32:20","slug":"jorge-brito-murio-por-multiples-traumatismos-segun-datos-preliminares-de-la-autopsia","status":"publish","type":"post","link":"https:\/\/www.todoeldia.com\/index.php\/2020\/11\/21\/jorge-brito-murio-por-multiples-traumatismos-segun-datos-preliminares-de-la-autopsia\/","title":{"rendered":"Jorge Brito muri\u00f3 por \u201cm\u00faltiples traumatismos\u201d, seg\u00fan datos preliminares de la autopsia"},"content":{"rendered":"\n<p>Lo confirm\u00f3 el fiscal a cargo de la causa que investiga el accidente a\u00e9reo. Contin\u00faan las pericias en el lugar.<\/p>\n\n\n\n<p>El fiscal a cargo de la causa en la que se investiga el accidente a\u00e9reo que tuvo el viernes por la tarde el empresario Jorge Brito inform\u00f3 que, seg\u00fan los resultados preliminares, el banquero muri\u00f3 por traumatismos y no por ahogamiento, como se cre\u00eda en un primer momento. Este s\u00e1bado contin\u00faan las pericias en el lugar.<\/p>\n\n\n\n<p>La informaci\u00f3n la dio a conocer el fiscal penal 3 de la Unidad de Graves Atentados contra las Personas Gustavo Torres Rubelt. Sobre la posibilidad de que la muerte se haya producido por traumatismos y no por otras causas, respondi\u00f3: \u201cS\u00ed. En ning\u00fan momento me hablaron de ahogamiento\u201d.<\/p>\n\n\n\n<p>El fiscal no dio precisiones con respecto a si el empresario conduc\u00eda el helic\u00f3ptero o si el accidente podr\u00eda haberse producido porque la aeronave volaba a poca altura. \u201cTodo eso se est\u00e1 por determinar con las pericias que se van a hacer ahora en el lugar y por lo que realice la Junta Nacional de Accidentes\u201d, indic\u00f3.<\/p>\n\n\n\n<p>Tras las autopsias, entregaron los restos de las v\u00edctimas<\/p>\n\n\n\n<p>La jueza de Garant\u00edas 7 Mar\u00eda Edith Rodr\u00edguez orden\u00f3 este s\u00e1bado que, tras las correspondientes autopsias, los restos del banquero y de su piloto Santiago Beauden fueran entregados a sus familiares para ser trasladados v\u00eda a\u00e9rea a la Ciudad de Buenos Aires.<\/p>\n\n\n\n<p>Las autopsias se llevaron a cabo durante la madrugada. La decisi\u00f3n de la jueza se concret\u00f3 en el marco de la averiguaci\u00f3n preliminar de la causa 369\/20, de la comisar\u00eda de la localidad salte\u00f1a de Coronel Moldes, donde comenzaron las investigaciones por el accidente a\u00e9reo.<\/p>\n\n\n\n<figure class=\"wp-block-image size-large is-resized\"><img loading=\"lazy\" decoding=\"async\" src=\"https:\/\/www.todoeldia.com\/wp-content\/uploads\/2020\/11\/helicoptero-6-1.jpg\" alt=\"\" class=\"wp-image-11830\" width=\"1063\" height=\"599\"\/><\/figure>\n\n\n\n<p>La misma jueza le inform\u00f3 a la Polic\u00eda de Seguridad Aeroportuaria su resoluci\u00f3n para el traslado, que se har\u00e1 en una aeronave privada, bajo la modalidad solicitada por la Fiscal\u00eda interviniente. En ese sentido, Rodr\u00edguez prohibi\u00f3 la cremaci\u00f3n de los cuerpos mientras duren las tareas de investigaci\u00f3n y fundament\u00f3 la decisi\u00f3n en los protocolos de actuaci\u00f3n correspondientes.<\/p>\n\n\n\n<p>Comenzaron las pericias sobre el helic\u00f3ptero<\/p>\n\n\n\n<p>Las pericias sobre los restos del helic\u00f3ptero, incluida la caja negra de la aeronave, comenzaron este s\u00e1bado tras el arribo a Salta de personal de la Junta de Seguridad en el Transporte (JST) desde la provincia de C\u00f3rdoba. Se espera que este domingo se brinde m\u00e1s informaci\u00f3n oficial sobre las tareas que llevar\u00e1n a cabo los especialistas sobre el Eurocopter AS 350 Ecureuil matr\u00edcula LV-FQN color gris que se precipit\u00f3 tras haber chocado con cables de tirolesa.<\/p>\n\n\n\n<p>Cuatro personas, incluido un investigador a cargo de la sede de C\u00f3rdoba, arribaron en la ma\u00f1ana de este s\u00e1bado a la zona salte\u00f1a de Cabra Corral para coordinar las tareas del Equipo de Trabajo de Investigaci\u00f3n de Campo (ETIC) en lo que ser\u00e1n las pericias t\u00e9cnicas de los restos del helic\u00f3ptero en el que viajaban Brito y Beaudean.<\/p>\n","protected":false},"excerpt":{"rendered":"<p>Lo confirm\u00f3 el fiscal a cargo de la causa que investiga el accidente a\u00e9reo. Contin\u00faan las pericias en el lugar. El fiscal a cargo de la causa en la que se investiga el accidente a\u00e9reo que tuvo el viernes por la tarde el empresario Jorge Brito inform\u00f3 que, seg\u00fan los resultados preliminares, el banquero muri\u00f3 [&hellip;]<\/p>\n","protected":false},"author":2,"featured_media":11829,"comment_status":"open","ping_status":"open","sticky":false,"template":"","format":"standard","meta":{"tdm_status":"","tdm_grid_status":"","_joinchat":[],"footnotes":""},"categories":[73],"tags":[],"class_list":{"0":"post-11824","1":"post","2":"type-post","3":"status-publish","4":"format-standard","5":"has-post-thumbnail","7":"category-noticias-general"},"amp_enabled":true,"_links":{"self":[{"href":"https:\/\/www.todoeldia.com\/index.php\/wp-json\/wp\/v2\/posts\/11824","targetHints":{"allow":["GET"]}}],"collection":[{"href":"https:\/\/www.todoeldia.com\/index.php\/wp-json\/wp\/v2\/posts"}],"about":[{"href":"https:\/\/www.todoeldia.com\/index.php\/wp-json\/wp\/v2\/types\/post"}],"author":[{"embeddable":true,"href":"https:\/\/www.todoeldia.com\/index.php\/wp-json\/wp\/v2\/users\/2"}],"replies":[{"embeddable":true,"href":"https:\/\/www.todoeldia.com\/index.php\/wp-json\/wp\/v2\/comments?post=11824"}],"version-history":[{"count":1,"href":"https:\/\/www.todoeldia.com\/index.php\/wp-json\/wp\/v2\/posts\/11824\/revisions"}],"predecessor-version":[{"id":11831,"href":"https:\/\/www.todoeldia.com\/index.php\/wp-json\/wp\/v2\/posts\/11824\/revisions\/11831"}],"wp:featuredmedia":[{"embeddable":true,"href":"https:\/\/www.todoeldia.com\/index.php\/wp-json\/wp\/v2\/media\/11829"}],"wp:attachment":[{"href":"https:\/\/www.todoeldia.com\/index.php\/wp-json\/wp\/v2\/media?parent=11824"}],"wp:term":[{"taxonomy":"category","embeddable":true,"href":"https:\/\/www.todoeldia.com\/index.php\/wp-json\/wp\/v2\/categories?post=11824"},{"taxonomy":"post_tag","embeddable":true,"href":"https:\/\/www.todoeldia.com\/index.php\/wp-json\/wp\/v2\/tags?post=11824"}],"curies":[{"name":"wp","href":"https:\/\/api.w.org\/{rel}","templated":true}]}}