{"id":11960,"date":"2020-11-23T14:23:03","date_gmt":"2020-11-23T17:23:03","guid":{"rendered":"https:\/\/www.todoeldia.com\/?p=11960"},"modified":"2020-11-23T14:23:05","modified_gmt":"2020-11-23T17:23:05","slug":"r-frontera-un-pastor-evangelico-y-miembros-de-su-familia-detenidos-por-abuso-sexual","status":"publish","type":"post","link":"https:\/\/www.todoeldia.com\/index.php\/2020\/11\/23\/r-frontera-un-pastor-evangelico-y-miembros-de-su-familia-detenidos-por-abuso-sexual\/","title":{"rendered":"R\u00b0 Frontera: Un pastor evang\u00e9lico y miembros de su familia detenidos por abuso sexual"},"content":{"rendered":"\n<p>Un pastor evang\u00e9lico, su esposa, una hija y la pareja de \u00e9sta, fueron detenidos e imputados por un hecho de abuso sexual en perjuicio de una menor de edad en Rosario de la Frontera.<\/p>\n\n\n\n<p>Un miembro de la familia se encuentra detenido y requerido a juicio por el abuso sexual de otra menor en 2019.<\/p>\n\n\n\n<p>El&nbsp;fiscal penal de Rosario de la Frontera, Nicol\u00e1s Rodr\u00edguez L\u00f3pez, investiga un&nbsp;hecho de abuso sexual en perjuicio de una menor de edad en el templo de una comunidad religiosa de esa ciudad, conocida como&nbsp;Iglesia Evang\u00e9lica Ministerio Apost\u00f3lico y Prof\u00e9tico de Restauraci\u00f3n Visi\u00f3n de \u00c1guila.<\/p>\n\n\n\n<p>El hecho fue\u00a0denunciado por la madre de una menor de nueve a\u00f1os, al tomar conocimiento que\u00a0su peque\u00f1a hija hab\u00eda sido v\u00edctima de abusos por parte del pastor de esa comunidad, con la participaci\u00f3n de la hija del religioso, el yerno e incluso de su esposa, que conoc\u00eda lo que suced\u00eda.<\/p>\n\n\n\n<figure class=\"wp-block-image size-large is-resized\"><img loading=\"lazy\" decoding=\"async\" src=\"https:\/\/www.todoeldia.com\/wp-content\/uploads\/2020\/11\/pastor-de-las-aguilas.jpg\" alt=\"\" class=\"wp-image-11962\" width=\"661\" height=\"430\"\/><\/figure>\n\n\n\n<p>En la&nbsp;entrevista realizada a la menor&nbsp;mediante c\u00e1mara gesell, \u00e9sta&nbsp;brind\u00f3 detalles de los hechos y explic\u00f3 los roles que desempe\u00f1aron cada uno de los acusados.<\/p>\n\n\n\n<p>Benjam\u00edn Abil\u00e9s Miranda, de 57 a\u00f1os, se encuentra imputado como&nbsp;autor del delito de abuso sexual con acceso carnal agravado por ser su autor un ministro de culto.<\/p>\n\n\n\n<p>Juana Elizabeth Miranda&nbsp;de 21 a\u00f1os, hija del pastor y su pareja,&nbsp;Ricardo Fabi\u00e1n Coria&nbsp;de 31 a\u00f1os, quien se desempe\u00f1a como efectivo policial, se encuentran imputados como&nbsp;part\u00edcipes necesarios del delito de abuso sexual con acceso carnal agravado por ser su autor un ministro de culto.<\/p>\n\n\n\n<p>Marta Sabina Maman\u00ed, de 52 a\u00f1os de edad, esposa del religioso, se encuentra imputada por el delito de&nbsp;encubrimiento del delito de abuso sexual con acceso carnal agravado por ser su autor un ministro de culto y amenazas, ya que en oportunidad en que la menor se encontraba en la sede fiscal para ser entrevistada, la acusada se hizo presente y le profiri\u00f3 amenazas.<\/p>\n\n\n\n<p>Rodr\u00edguez L\u00f3pez destac\u00f3 que&nbsp;tanto el pastor como su esposa, se encuentran involucrados en un hecho de abuso sexual&nbsp;ocurrido en el contexto de la congregaci\u00f3n religiosa&nbsp;durante 2019, donde un hijo de ambos se encuentra detenido y requerido a juicio.<\/p>\n\n\n\n<p>Tras la imputaci\u00f3n de los acusados,&nbsp;el fiscal solicit\u00f3&nbsp;al Juzgado de Garant\u00edas interviniente, que&nbsp;se mantenga la detenci\u00f3n de los cuatro y&nbsp;ante la gravedad de los hechos investigados,&nbsp;solicit\u00f3 adem\u00e1s la inmediata clausura provisoria del lugar,&nbsp;hasta tanto la Direcci\u00f3n de Cultos del Ministerio de Gobierno, Derechos Humanos, Trabajo y Justicia, se expida.<\/p>\n","protected":false},"excerpt":{"rendered":"<p>Un pastor evang\u00e9lico, su esposa, una hija y la pareja de \u00e9sta, fueron detenidos e imputados por un hecho de abuso sexual en perjuicio de una menor de edad en Rosario de la Frontera. Un miembro de la familia se encuentra detenido y requerido a juicio por el abuso sexual de otra menor en 2019. [&hellip;]<\/p>\n","protected":false},"author":2,"featured_media":11961,"comment_status":"open","ping_status":"open","sticky":false,"template":"","format":"standard","meta":{"tdm_status":"","tdm_grid_status":"","_joinchat":[],"footnotes":""},"categories":[63],"tags":[],"class_list":{"0":"post-11960","1":"post","2":"type-post","3":"status-publish","4":"format-standard","5":"has-post-thumbnail","7":"category-policiales"},"amp_enabled":true,"_links":{"self":[{"href":"https:\/\/www.todoeldia.com\/index.php\/wp-json\/wp\/v2\/posts\/11960","targetHints":{"allow":["GET"]}}],"collection":[{"href":"https:\/\/www.todoeldia.com\/index.php\/wp-json\/wp\/v2\/posts"}],"about":[{"href":"https:\/\/www.todoeldia.com\/index.php\/wp-json\/wp\/v2\/types\/post"}],"author":[{"embeddable":true,"href":"https:\/\/www.todoeldia.com\/index.php\/wp-json\/wp\/v2\/users\/2"}],"replies":[{"embeddable":true,"href":"https:\/\/www.todoeldia.com\/index.php\/wp-json\/wp\/v2\/comments?post=11960"}],"version-history":[{"count":1,"href":"https:\/\/www.todoeldia.com\/index.php\/wp-json\/wp\/v2\/posts\/11960\/revisions"}],"predecessor-version":[{"id":11963,"href":"https:\/\/www.todoeldia.com\/index.php\/wp-json\/wp\/v2\/posts\/11960\/revisions\/11963"}],"wp:featuredmedia":[{"embeddable":true,"href":"https:\/\/www.todoeldia.com\/index.php\/wp-json\/wp\/v2\/media\/11961"}],"wp:attachment":[{"href":"https:\/\/www.todoeldia.com\/index.php\/wp-json\/wp\/v2\/media?parent=11960"}],"wp:term":[{"taxonomy":"category","embeddable":true,"href":"https:\/\/www.todoeldia.com\/index.php\/wp-json\/wp\/v2\/categories?post=11960"},{"taxonomy":"post_tag","embeddable":true,"href":"https:\/\/www.todoeldia.com\/index.php\/wp-json\/wp\/v2\/tags?post=11960"}],"curies":[{"name":"wp","href":"https:\/\/api.w.org\/{rel}","templated":true}]}}