{"id":11967,"date":"2020-11-23T15:12:36","date_gmt":"2020-11-23T18:12:36","guid":{"rendered":"https:\/\/www.todoeldia.com\/?p=11967"},"modified":"2020-11-23T15:12:38","modified_gmt":"2020-11-23T18:12:38","slug":"doce-anos-de-prision-para-cebollin-por-intento-de-femicidio-en-tartagal","status":"publish","type":"post","link":"https:\/\/www.todoeldia.com\/index.php\/2020\/11\/23\/doce-anos-de-prision-para-cebollin-por-intento-de-femicidio-en-tartagal\/","title":{"rendered":"Doce a\u00f1os de prisi\u00f3n para \u201cCebollin\u201d por intento de femicidio en Tartagal"},"content":{"rendered":"\n<p>El fiscal penal de la Unidad de Graves Atentados contra las Personas de Tartagal, Pablo Cabot, represent\u00f3 al Ministerio P\u00fablico Fiscal en el juicio en el que Luis Sebasti\u00e1n Jaime, alias \u201cCeboll\u00edn\u201d, fue condenado por el Tribunal de Juicio Sala II del Distrito Judicial Norte, a la pena de 12 a\u00f1os de prisi\u00f3n efectiva por el delito de tentativa de homicidio doblemente calificado por el v\u00ednculo y por violencia de g\u00e9nero.<\/p>\n\n\n\n<p>El mismo fallo orden\u00f3 que una vez que quede firme la sentencia contra Jaime, de 33 a\u00f1os, se extraiga material gen\u00e9tico del condenado por el servicio de Biolog\u00eda Molecular del CIF para posterior inscripci\u00f3n en el registro del Banco de Datos Gen\u00e9ticos.<\/p>\n\n\n\n<p>La intervenci\u00f3n del fiscal penal Pablo Cabot, se produjo tras los hechos ocurridos el 13 de junio de 2019, cerca de las 14, cuando la v\u00edctima estaba en su vivienda de barrio Tom\u00e1s Ryan y fue agredida por su pareja Luis Sebasti\u00e1n Jaime, quien le asest\u00f3 una pu\u00f1alada en la ingle, lo que le produjo una hemorragia que puso en grave peligro su vida, mientras el condenado escap\u00f3 del lugar.<\/p>\n","protected":false},"excerpt":{"rendered":"<p>El fiscal penal de la Unidad de Graves Atentados contra las Personas de Tartagal, Pablo Cabot, represent\u00f3 al Ministerio P\u00fablico Fiscal en el juicio en el que Luis Sebasti\u00e1n Jaime, alias \u201cCeboll\u00edn\u201d, fue condenado por el Tribunal de Juicio Sala II del Distrito Judicial Norte, a la pena de 12 a\u00f1os de prisi\u00f3n efectiva por [&hellip;]<\/p>\n","protected":false},"author":2,"featured_media":11968,"comment_status":"open","ping_status":"open","sticky":false,"template":"","format":"standard","meta":{"tdm_status":"","tdm_grid_status":"","_joinchat":[],"footnotes":""},"categories":[63],"tags":[],"class_list":{"0":"post-11967","1":"post","2":"type-post","3":"status-publish","4":"format-standard","5":"has-post-thumbnail","7":"category-policiales"},"amp_enabled":true,"_links":{"self":[{"href":"https:\/\/www.todoeldia.com\/index.php\/wp-json\/wp\/v2\/posts\/11967","targetHints":{"allow":["GET"]}}],"collection":[{"href":"https:\/\/www.todoeldia.com\/index.php\/wp-json\/wp\/v2\/posts"}],"about":[{"href":"https:\/\/www.todoeldia.com\/index.php\/wp-json\/wp\/v2\/types\/post"}],"author":[{"embeddable":true,"href":"https:\/\/www.todoeldia.com\/index.php\/wp-json\/wp\/v2\/users\/2"}],"replies":[{"embeddable":true,"href":"https:\/\/www.todoeldia.com\/index.php\/wp-json\/wp\/v2\/comments?post=11967"}],"version-history":[{"count":1,"href":"https:\/\/www.todoeldia.com\/index.php\/wp-json\/wp\/v2\/posts\/11967\/revisions"}],"predecessor-version":[{"id":11969,"href":"https:\/\/www.todoeldia.com\/index.php\/wp-json\/wp\/v2\/posts\/11967\/revisions\/11969"}],"wp:featuredmedia":[{"embeddable":true,"href":"https:\/\/www.todoeldia.com\/index.php\/wp-json\/wp\/v2\/media\/11968"}],"wp:attachment":[{"href":"https:\/\/www.todoeldia.com\/index.php\/wp-json\/wp\/v2\/media?parent=11967"}],"wp:term":[{"taxonomy":"category","embeddable":true,"href":"https:\/\/www.todoeldia.com\/index.php\/wp-json\/wp\/v2\/categories?post=11967"},{"taxonomy":"post_tag","embeddable":true,"href":"https:\/\/www.todoeldia.com\/index.php\/wp-json\/wp\/v2\/tags?post=11967"}],"curies":[{"name":"wp","href":"https:\/\/api.w.org\/{rel}","templated":true}]}}