{"id":12012,"date":"2020-11-24T09:34:43","date_gmt":"2020-11-24T12:34:43","guid":{"rendered":"https:\/\/www.todoeldia.com\/?p=12012"},"modified":"2020-11-24T09:34:44","modified_gmt":"2020-11-24T12:34:44","slug":"anticipan-un-repunte-de-la-inflacion-por-el-arrastre-del-aumento-de-naftas-y-carnes","status":"publish","type":"post","link":"https:\/\/www.todoeldia.com\/index.php\/2020\/11\/24\/anticipan-un-repunte-de-la-inflacion-por-el-arrastre-del-aumento-de-naftas-y-carnes\/","title":{"rendered":"Anticipan un repunte de la inflaci\u00f3n por el arrastre del aumento de naftas y carnes"},"content":{"rendered":"\n<p>Luego de que en octubre el Indec midiera un 3,8 por ciento de aumento en el \u00cdndice de Precios al Consumidor, economistas ya anticipan una aceleraci\u00f3n de la inflaci\u00f3n en el \u00faltimo tramo del a\u00f1o, a pesar de que a\u00fan rigen buena parte de los congelamientos para evitar un descalabro econ\u00f3mico m\u00e1s agudo tras el impacto de la crisis que provoc\u00f3 la pandemia de COVID-19.<\/p>\n\n\n\n<p>&nbsp;El 3,8 por ciento de octubre fue el aumento inflacionario m\u00e1s alto de los \u00faltimos 12 meses y ahora los analistas anticipan que para noviembre no bajar\u00e1 del tres por ciento, impulsada entre otros aspectos por el cuarto aumento de las naftas en cuatro meses: YPF aument\u00f3 un 2,5 por ciento los combustibles, aunque en la Ciudad la suba es del 2,8 % y se espera que en las pr\u00f3ximas horas actualicen sus precios el resto de las petroleras.<\/p>\n\n\n\n<p>&nbsp;Por otra parte, en las \u00faltimas semanas se registraron fuertes aumentos en las carnes, que oscilan entre el 10 y el 20 por ciento.<\/p>\n\n\n\n<p>&nbsp;El fin de semana, adem\u00e1s, el presidente&nbsp;Alberto Fern\u00e1ndez&nbsp;reconoci\u00f3 en una entrevista con&nbsp;Mar\u00eda O\u2019Donnell y Ernesto Tenembaum&nbsp;en&nbsp;<em>NET TV<\/em>&nbsp;que hubo incrementos en el precio de los alimentos, y asegur\u00f3 que tras el congelamiento de los \u00faltimos meses, en las \u00faltimas semanas el \u201cdescongelamiento fue precipitado\u201d, y afirm\u00f3 que se debe actuar con \u201cmucho cuidado\u201d porque \u201cafecta a los sectores que gastan exclusivamente en comida\u201d.<\/p>\n","protected":false},"excerpt":{"rendered":"<p>Luego de que en octubre el Indec midiera un 3,8 por ciento de aumento en el \u00cdndice de Precios al Consumidor, economistas ya anticipan una aceleraci\u00f3n de la inflaci\u00f3n en el \u00faltimo tramo del a\u00f1o, a pesar de que a\u00fan rigen buena parte de los congelamientos para evitar un descalabro econ\u00f3mico m\u00e1s agudo tras el [&hellip;]<\/p>\n","protected":false},"author":2,"featured_media":12014,"comment_status":"open","ping_status":"open","sticky":false,"template":"","format":"standard","meta":{"tdm_status":"","tdm_grid_status":"","_joinchat":[],"footnotes":""},"categories":[60],"tags":[],"class_list":{"0":"post-12012","1":"post","2":"type-post","3":"status-publish","4":"format-standard","5":"has-post-thumbnail","7":"category-economia"},"amp_enabled":true,"_links":{"self":[{"href":"https:\/\/www.todoeldia.com\/index.php\/wp-json\/wp\/v2\/posts\/12012","targetHints":{"allow":["GET"]}}],"collection":[{"href":"https:\/\/www.todoeldia.com\/index.php\/wp-json\/wp\/v2\/posts"}],"about":[{"href":"https:\/\/www.todoeldia.com\/index.php\/wp-json\/wp\/v2\/types\/post"}],"author":[{"embeddable":true,"href":"https:\/\/www.todoeldia.com\/index.php\/wp-json\/wp\/v2\/users\/2"}],"replies":[{"embeddable":true,"href":"https:\/\/www.todoeldia.com\/index.php\/wp-json\/wp\/v2\/comments?post=12012"}],"version-history":[{"count":1,"href":"https:\/\/www.todoeldia.com\/index.php\/wp-json\/wp\/v2\/posts\/12012\/revisions"}],"predecessor-version":[{"id":12015,"href":"https:\/\/www.todoeldia.com\/index.php\/wp-json\/wp\/v2\/posts\/12012\/revisions\/12015"}],"wp:featuredmedia":[{"embeddable":true,"href":"https:\/\/www.todoeldia.com\/index.php\/wp-json\/wp\/v2\/media\/12014"}],"wp:attachment":[{"href":"https:\/\/www.todoeldia.com\/index.php\/wp-json\/wp\/v2\/media?parent=12012"}],"wp:term":[{"taxonomy":"category","embeddable":true,"href":"https:\/\/www.todoeldia.com\/index.php\/wp-json\/wp\/v2\/categories?post=12012"},{"taxonomy":"post_tag","embeddable":true,"href":"https:\/\/www.todoeldia.com\/index.php\/wp-json\/wp\/v2\/tags?post=12012"}],"curies":[{"name":"wp","href":"https:\/\/api.w.org\/{rel}","templated":true}]}}