{"id":12051,"date":"2020-11-24T11:14:06","date_gmt":"2020-11-24T14:14:06","guid":{"rendered":"https:\/\/www.todoeldia.com\/?p=12051"},"modified":"2020-11-24T11:14:07","modified_gmt":"2020-11-24T14:14:07","slug":"merenderos-piden-mayor-asistencia-del-gobierno","status":"publish","type":"post","link":"https:\/\/www.todoeldia.com\/index.php\/2020\/11\/24\/merenderos-piden-mayor-asistencia-del-gobierno\/","title":{"rendered":"Merenderos piden mayor asistencia del Gobierno"},"content":{"rendered":"\n<p>Dirigentes del Movimiento 8 de abril se movilizaron hoy hacia la Secretaria de Pol\u00edticas Sociales del Gobierno a fin de reclamar una mayor asistencia a los merenderos y comedores.<\/p>\n\n\n\n<p>Rub\u00e9n Mamani, delegado de la organizaci\u00f3n indic\u00f3 que hoy cuentan con 8 merenderos y un comedor, ubicados en B\u00b0 Solidaridad, La Paz, Atocha y Rosario de Lerma y que cada uno de ellos les brinda atenci\u00f3n a m\u00e1s de 100 ni\u00f1os de cada barriada.<\/p>\n\n\n\n<figure class=\"wp-block-image size-large\"><img loading=\"lazy\" decoding=\"async\" width=\"1024\" height=\"768\" src=\"https:\/\/www.todoeldia.com\/wp-content\/uploads\/2020\/11\/reclamo-merenderos-1-1024x768.jpg\" alt=\"\" class=\"wp-image-12053\" srcset=\"https:\/\/www.todoeldia.com\/wp-content\/uploads\/2020\/11\/reclamo-merenderos-1-1024x768.jpg 1024w, https:\/\/www.todoeldia.com\/wp-content\/uploads\/2020\/11\/reclamo-merenderos-1-300x225.jpg 300w, https:\/\/www.todoeldia.com\/wp-content\/uploads\/2020\/11\/reclamo-merenderos-1-768x576.jpg 768w, https:\/\/www.todoeldia.com\/wp-content\/uploads\/2020\/11\/reclamo-merenderos-1-696x522.jpg 696w, https:\/\/www.todoeldia.com\/wp-content\/uploads\/2020\/11\/reclamo-merenderos-1-560x420.jpg 560w, https:\/\/www.todoeldia.com\/wp-content\/uploads\/2020\/11\/reclamo-merenderos-1-80x60.jpg 80w, https:\/\/www.todoeldia.com\/wp-content\/uploads\/2020\/11\/reclamo-merenderos-1-265x198.jpg 265w, https:\/\/www.todoeldia.com\/wp-content\/uploads\/2020\/11\/reclamo-merenderos-1.jpg 1032w\" sizes=\"auto, (max-width: 1024px) 100vw, 1024px\" \/><\/figure>\n\n\n\n<p>Esta ma\u00f1ana fueron recibidos por funcionarios del organismo quienes les manifestaron que esta semana tendr\u00e1n novedades con respecto a sus pedidos.<\/p>\n","protected":false},"excerpt":{"rendered":"<p>Dirigentes del Movimiento 8 de abril se movilizaron hoy hacia la Secretaria de Pol\u00edticas Sociales del Gobierno a fin de reclamar una mayor asistencia a los merenderos y comedores. Rub\u00e9n Mamani, delegado de la organizaci\u00f3n indic\u00f3 que hoy cuentan con 8 merenderos y un comedor, ubicados en B\u00b0 Solidaridad, La Paz, Atocha y Rosario de [&hellip;]<\/p>\n","protected":false},"author":2,"featured_media":12052,"comment_status":"open","ping_status":"open","sticky":false,"template":"","format":"standard","meta":{"tdm_status":"","tdm_grid_status":"","_joinchat":[],"footnotes":""},"categories":[73],"tags":[],"class_list":{"0":"post-12051","1":"post","2":"type-post","3":"status-publish","4":"format-standard","5":"has-post-thumbnail","7":"category-noticias-general"},"amp_enabled":true,"_links":{"self":[{"href":"https:\/\/www.todoeldia.com\/index.php\/wp-json\/wp\/v2\/posts\/12051","targetHints":{"allow":["GET"]}}],"collection":[{"href":"https:\/\/www.todoeldia.com\/index.php\/wp-json\/wp\/v2\/posts"}],"about":[{"href":"https:\/\/www.todoeldia.com\/index.php\/wp-json\/wp\/v2\/types\/post"}],"author":[{"embeddable":true,"href":"https:\/\/www.todoeldia.com\/index.php\/wp-json\/wp\/v2\/users\/2"}],"replies":[{"embeddable":true,"href":"https:\/\/www.todoeldia.com\/index.php\/wp-json\/wp\/v2\/comments?post=12051"}],"version-history":[{"count":1,"href":"https:\/\/www.todoeldia.com\/index.php\/wp-json\/wp\/v2\/posts\/12051\/revisions"}],"predecessor-version":[{"id":12054,"href":"https:\/\/www.todoeldia.com\/index.php\/wp-json\/wp\/v2\/posts\/12051\/revisions\/12054"}],"wp:featuredmedia":[{"embeddable":true,"href":"https:\/\/www.todoeldia.com\/index.php\/wp-json\/wp\/v2\/media\/12052"}],"wp:attachment":[{"href":"https:\/\/www.todoeldia.com\/index.php\/wp-json\/wp\/v2\/media?parent=12051"}],"wp:term":[{"taxonomy":"category","embeddable":true,"href":"https:\/\/www.todoeldia.com\/index.php\/wp-json\/wp\/v2\/categories?post=12051"},{"taxonomy":"post_tag","embeddable":true,"href":"https:\/\/www.todoeldia.com\/index.php\/wp-json\/wp\/v2\/tags?post=12051"}],"curies":[{"name":"wp","href":"https:\/\/api.w.org\/{rel}","templated":true}]}}