{"id":12100,"date":"2020-11-25T09:45:19","date_gmt":"2020-11-25T12:45:19","guid":{"rendered":"https:\/\/www.todoeldia.com\/?p=12100"},"modified":"2020-11-25T09:45:20","modified_gmt":"2020-11-25T12:45:20","slug":"pichanal-alcoholizados-y-drogados-apunalaron-a-su-vecino-para-robarle-el-televisor","status":"publish","type":"post","link":"https:\/\/www.todoeldia.com\/index.php\/2020\/11\/25\/pichanal-alcoholizados-y-drogados-apunalaron-a-su-vecino-para-robarle-el-televisor\/","title":{"rendered":"Pichanal: alcoholizados y drogados apu\u00f1alaron a su vecino para robarle el televisor"},"content":{"rendered":"\n<p>Un hombre y una mujer lesionaron de gravedad a un vecino para sustraerle un televisor. Ambos fueron detenidos e imputados. El damnificado se encuentra internado con pron\u00f3stico reservado.<\/p>\n\n\n\n<p>La fiscal penal de Pichanal, Mar\u00eda Sof\u00eda Fuentes, imput\u00f3 a Augusto Joaqu\u00edn Mauricio Ag\u00fcero de 27 a\u00f1os y a Damaris Aldana Cruz de 24 a\u00f1os, como coautores del delito de robo agravado por ser cometido con arma y por las lesiones ocasionadas y en poblado y en banda en perjuicio de un vecino de esa ciudad.<\/p>\n\n\n\n<p>La denuncia fue radicada por la pareja del damnificado, quien se\u00f1ala que pudo conocer por una vecina que el pasado domingo por la ma\u00f1ana, se encontraban frente a su domicilio un grupo de personas ingiriendo bebidas alcoh\u00f3licas, entre ellas el acusado y su novia, a quienes conocen por consumir sustancias prohibidas y ser conflictivos.<\/p>\n\n\n\n<p>En determinado momento, Ag\u00fcero, su novia y una tercera persona, abordaron al vecino y lo lesionaron en la zona de la cintura con un arma blanca para robarle el televisor.<\/p>\n\n\n\n<p>El damnificado qued\u00f3 tendido en la v\u00eda p\u00fablica y tras ser auxiliado, fue intervenido quir\u00fargicamente por la gravedad de la herida provocada y permanece internado con pron\u00f3stico reservado.<\/p>\n\n\n\n<p>La fiscal Fuentes solicit\u00f3 al Juzgado de Garant\u00edas interviniente que se mantenga la detenci\u00f3n de ambos acusados, mientras se trabaja en la identificaci\u00f3n del otro participante y se cumplen distintas medidas ordenadas.<\/p>\n","protected":false},"excerpt":{"rendered":"<p>Un hombre y una mujer lesionaron de gravedad a un vecino para sustraerle un televisor. Ambos fueron detenidos e imputados. El damnificado se encuentra internado con pron\u00f3stico reservado. La fiscal penal de Pichanal, Mar\u00eda Sof\u00eda Fuentes, imput\u00f3 a Augusto Joaqu\u00edn Mauricio Ag\u00fcero de 27 a\u00f1os y a Damaris Aldana Cruz de 24 a\u00f1os, como coautores [&hellip;]<\/p>\n","protected":false},"author":2,"featured_media":12102,"comment_status":"open","ping_status":"open","sticky":false,"template":"","format":"standard","meta":{"tdm_status":"","tdm_grid_status":"","_joinchat":[],"footnotes":""},"categories":[63],"tags":[],"class_list":{"0":"post-12100","1":"post","2":"type-post","3":"status-publish","4":"format-standard","5":"has-post-thumbnail","7":"category-policiales"},"amp_enabled":true,"_links":{"self":[{"href":"https:\/\/www.todoeldia.com\/index.php\/wp-json\/wp\/v2\/posts\/12100","targetHints":{"allow":["GET"]}}],"collection":[{"href":"https:\/\/www.todoeldia.com\/index.php\/wp-json\/wp\/v2\/posts"}],"about":[{"href":"https:\/\/www.todoeldia.com\/index.php\/wp-json\/wp\/v2\/types\/post"}],"author":[{"embeddable":true,"href":"https:\/\/www.todoeldia.com\/index.php\/wp-json\/wp\/v2\/users\/2"}],"replies":[{"embeddable":true,"href":"https:\/\/www.todoeldia.com\/index.php\/wp-json\/wp\/v2\/comments?post=12100"}],"version-history":[{"count":1,"href":"https:\/\/www.todoeldia.com\/index.php\/wp-json\/wp\/v2\/posts\/12100\/revisions"}],"predecessor-version":[{"id":12103,"href":"https:\/\/www.todoeldia.com\/index.php\/wp-json\/wp\/v2\/posts\/12100\/revisions\/12103"}],"wp:featuredmedia":[{"embeddable":true,"href":"https:\/\/www.todoeldia.com\/index.php\/wp-json\/wp\/v2\/media\/12102"}],"wp:attachment":[{"href":"https:\/\/www.todoeldia.com\/index.php\/wp-json\/wp\/v2\/media?parent=12100"}],"wp:term":[{"taxonomy":"category","embeddable":true,"href":"https:\/\/www.todoeldia.com\/index.php\/wp-json\/wp\/v2\/categories?post=12100"},{"taxonomy":"post_tag","embeddable":true,"href":"https:\/\/www.todoeldia.com\/index.php\/wp-json\/wp\/v2\/tags?post=12100"}],"curies":[{"name":"wp","href":"https:\/\/api.w.org\/{rel}","templated":true}]}}