{"id":12110,"date":"2020-11-25T10:43:13","date_gmt":"2020-11-25T13:43:13","guid":{"rendered":"https:\/\/www.todoeldia.com\/?p=12110"},"modified":"2020-11-25T10:43:14","modified_gmt":"2020-11-25T13:43:14","slug":"la-vacunacion-contra-el-coronavirus-comenzara-en-enero-y-en-primera-instancia-inmunizaran-a-12-millones-de-personas","status":"publish","type":"post","link":"https:\/\/www.todoeldia.com\/index.php\/2020\/11\/25\/la-vacunacion-contra-el-coronavirus-comenzara-en-enero-y-en-primera-instancia-inmunizaran-a-12-millones-de-personas\/","title":{"rendered":"La vacunaci\u00f3n contra el coronavirus comenzar\u00e1 en enero y en primera instancia inmunizar\u00e1n a 12 millones de personas"},"content":{"rendered":"\n<p>El Comit\u00e9 de Vacunaci\u00f3n contra el COVID-19 conformado por los ministerios del Interior, Salud, Seguridad y Defensa defini\u00f3 un universo de 12 millones de personas que recibir\u00e1n de manera prioritaria la vacuna, entre los que se encuentran 8 millones de mayores de 60 a\u00f1os, 763 mil trabajadores del sistema sanitario, 500 mil de las Fuerzas Armadas y de seguridad y 2.8 millones que tienen enfermedades previas que los colocan entre los grupos de riesgo.<\/p>\n\n\n\n<p>\u201cLa campa\u00f1a de vacunaci\u00f3n comenzar\u00e1 en la primera quincena de enero\u201d, confirm\u00f3 el ministro de Salud, Gin\u00e9s Gonz\u00e1lez Garc\u00eda, aunque aclar\u00f3 que la fecha est\u00e1 sujeta a la aprobaci\u00f3n final de las vacunas, que a\u00fan se encuentran en la fase tres de ensayos cl\u00ednicos.<\/p>\n\n\n\n<p>Adem\u00e1s, Gonz\u00e1lez Garc\u00eda precis\u00f3 que ya se firm\u00f3 el acuerdo para acceder a 12 millones de vacunas de AstraZeneca y Oxford (fabricadas en la Argentina por mAbxience), y se busca avanzar en la firma de los contratos con Pfizer y la vacuna rusa Sputnik V.<\/p>\n\n\n\n<p>El Gobierno estima desplegar un operativo sin precedentes, con 60 mil agentes de vacunaci\u00f3n,&nbsp; y no se descarta habilitar escuelas para aplicar las dosis.<\/p>\n","protected":false},"excerpt":{"rendered":"<p>El Comit\u00e9 de Vacunaci\u00f3n contra el COVID-19 conformado por los ministerios del Interior, Salud, Seguridad y Defensa defini\u00f3 un universo de 12 millones de personas que recibir\u00e1n de manera prioritaria la vacuna, entre los que se encuentran 8 millones de mayores de 60 a\u00f1os, 763 mil trabajadores del sistema sanitario, 500 mil de las Fuerzas [&hellip;]<\/p>\n","protected":false},"author":2,"featured_media":12111,"comment_status":"open","ping_status":"open","sticky":false,"template":"","format":"standard","meta":{"tdm_status":"","tdm_grid_status":"","_joinchat":[],"footnotes":""},"categories":[65],"tags":[],"class_list":{"0":"post-12110","1":"post","2":"type-post","3":"status-publish","4":"format-standard","5":"has-post-thumbnail","7":"category-coronavirus"},"amp_enabled":true,"_links":{"self":[{"href":"https:\/\/www.todoeldia.com\/index.php\/wp-json\/wp\/v2\/posts\/12110","targetHints":{"allow":["GET"]}}],"collection":[{"href":"https:\/\/www.todoeldia.com\/index.php\/wp-json\/wp\/v2\/posts"}],"about":[{"href":"https:\/\/www.todoeldia.com\/index.php\/wp-json\/wp\/v2\/types\/post"}],"author":[{"embeddable":true,"href":"https:\/\/www.todoeldia.com\/index.php\/wp-json\/wp\/v2\/users\/2"}],"replies":[{"embeddable":true,"href":"https:\/\/www.todoeldia.com\/index.php\/wp-json\/wp\/v2\/comments?post=12110"}],"version-history":[{"count":1,"href":"https:\/\/www.todoeldia.com\/index.php\/wp-json\/wp\/v2\/posts\/12110\/revisions"}],"predecessor-version":[{"id":12112,"href":"https:\/\/www.todoeldia.com\/index.php\/wp-json\/wp\/v2\/posts\/12110\/revisions\/12112"}],"wp:featuredmedia":[{"embeddable":true,"href":"https:\/\/www.todoeldia.com\/index.php\/wp-json\/wp\/v2\/media\/12111"}],"wp:attachment":[{"href":"https:\/\/www.todoeldia.com\/index.php\/wp-json\/wp\/v2\/media?parent=12110"}],"wp:term":[{"taxonomy":"category","embeddable":true,"href":"https:\/\/www.todoeldia.com\/index.php\/wp-json\/wp\/v2\/categories?post=12110"},{"taxonomy":"post_tag","embeddable":true,"href":"https:\/\/www.todoeldia.com\/index.php\/wp-json\/wp\/v2\/tags?post=12110"}],"curies":[{"name":"wp","href":"https:\/\/api.w.org\/{rel}","templated":true}]}}