{"id":12113,"date":"2020-11-25T10:45:31","date_gmt":"2020-11-25T13:45:31","guid":{"rendered":"https:\/\/www.todoeldia.com\/?p=12113"},"modified":"2020-11-25T10:45:33","modified_gmt":"2020-11-25T13:45:33","slug":"aborto-legal-el-debate-comenzara-la-semana-que-viene-y-podria-votarse-en-diputados-en-15-dias","status":"publish","type":"post","link":"https:\/\/www.todoeldia.com\/index.php\/2020\/11\/25\/aborto-legal-el-debate-comenzara-la-semana-que-viene-y-podria-votarse-en-diputados-en-15-dias\/","title":{"rendered":"Aborto legal: el debate comenzar\u00e1 la semana que viene y podr\u00eda votarse en Diputados en 15 d\u00edas"},"content":{"rendered":"\n<p>El presidente de la C\u00e1mara de Diputados, Sergio Massa, se reuni\u00f3 con las autoridades de las comisiones de Salud, Mujeres y Diversidad y Legislaci\u00f3n General y Legislaci\u00f3n Penal y acord\u00f3 el tratamiento del proyecto de legalizaci\u00f3n del aborto comenzar\u00e1 la semana que viene.<\/p>\n\n\n\n<p>El objetivo del oficialismo es que la iniciativa sea tratada en el recinto de C\u00e1mara Baja en un per\u00edodo breve, dentro de dos semanas.<\/p>\n\n\n\n<p>En Diptuados el poroteo previo apunta a que el proyecto podr\u00eda ser aprobado sin dificultades, aunque en el Senado a\u00fan no estar\u00edan los votos.<\/p>\n\n\n\n<p>El primer d\u00eda de debate en el plenario de comisiones asistir\u00e1n el ministro de Salud, Gin\u00e9s Gonz\u00e1lez Garc\u00eda, la secretaria de Legal y T\u00e9cnica, Vilma Ibarra, y el ministro de Desarrollo Social, Daniel Arroyo, entre otros funcionarios del Ejecutivo.<\/p>\n\n\n\n<p>En el encuentro de ayer, Massa y los diputados y diputadas que integran las cuatro comisiones acordaron emitir una resoluci\u00f3n de la C\u00e1mara para evitar que el debate incluya adjetivaciones personales y calificaciones peyorativas y que se lleve a cabo bajo un marco de seriedad y respeto.<\/p>\n","protected":false},"excerpt":{"rendered":"<p>El presidente de la C\u00e1mara de Diputados, Sergio Massa, se reuni\u00f3 con las autoridades de las comisiones de Salud, Mujeres y Diversidad y Legislaci\u00f3n General y Legislaci\u00f3n Penal y acord\u00f3 el tratamiento del proyecto de legalizaci\u00f3n del aborto comenzar\u00e1 la semana que viene. El objetivo del oficialismo es que la iniciativa sea tratada en el [&hellip;]<\/p>\n","protected":false},"author":2,"featured_media":12114,"comment_status":"open","ping_status":"open","sticky":false,"template":"","format":"standard","meta":{"tdm_status":"","tdm_grid_status":"","_joinchat":[],"footnotes":""},"categories":[59],"tags":[],"class_list":{"0":"post-12113","1":"post","2":"type-post","3":"status-publish","4":"format-standard","5":"has-post-thumbnail","7":"category-politica"},"amp_enabled":true,"_links":{"self":[{"href":"https:\/\/www.todoeldia.com\/index.php\/wp-json\/wp\/v2\/posts\/12113","targetHints":{"allow":["GET"]}}],"collection":[{"href":"https:\/\/www.todoeldia.com\/index.php\/wp-json\/wp\/v2\/posts"}],"about":[{"href":"https:\/\/www.todoeldia.com\/index.php\/wp-json\/wp\/v2\/types\/post"}],"author":[{"embeddable":true,"href":"https:\/\/www.todoeldia.com\/index.php\/wp-json\/wp\/v2\/users\/2"}],"replies":[{"embeddable":true,"href":"https:\/\/www.todoeldia.com\/index.php\/wp-json\/wp\/v2\/comments?post=12113"}],"version-history":[{"count":1,"href":"https:\/\/www.todoeldia.com\/index.php\/wp-json\/wp\/v2\/posts\/12113\/revisions"}],"predecessor-version":[{"id":12115,"href":"https:\/\/www.todoeldia.com\/index.php\/wp-json\/wp\/v2\/posts\/12113\/revisions\/12115"}],"wp:featuredmedia":[{"embeddable":true,"href":"https:\/\/www.todoeldia.com\/index.php\/wp-json\/wp\/v2\/media\/12114"}],"wp:attachment":[{"href":"https:\/\/www.todoeldia.com\/index.php\/wp-json\/wp\/v2\/media?parent=12113"}],"wp:term":[{"taxonomy":"category","embeddable":true,"href":"https:\/\/www.todoeldia.com\/index.php\/wp-json\/wp\/v2\/categories?post=12113"},{"taxonomy":"post_tag","embeddable":true,"href":"https:\/\/www.todoeldia.com\/index.php\/wp-json\/wp\/v2\/tags?post=12113"}],"curies":[{"name":"wp","href":"https:\/\/api.w.org\/{rel}","templated":true}]}}