{"id":12116,"date":"2020-11-25T10:48:08","date_gmt":"2020-11-25T13:48:08","guid":{"rendered":"https:\/\/www.todoeldia.com\/?p=12116"},"modified":"2020-11-25T10:48:09","modified_gmt":"2020-11-25T13:48:09","slug":"el-impuesto-a-las-grandes-fortunas-lo-pagaran-otros-3-000-millonarios-y-el-senado-podria-tratarlo-la-semana-que-viene","status":"publish","type":"post","link":"https:\/\/www.todoeldia.com\/index.php\/2020\/11\/25\/el-impuesto-a-las-grandes-fortunas-lo-pagaran-otros-3-000-millonarios-y-el-senado-podria-tratarlo-la-semana-que-viene\/","title":{"rendered":"El impuesto a las grandes fortunas lo pagar\u00e1n otros 3.000 millonarios y el Senado podr\u00eda tratarlo la semana que viene"},"content":{"rendered":"\n<p>&nbsp;El Gobierno recalcul\u00f3 la cantidad de personas alcanzadas por el aporte extraordinario de las grandes fortunas y estim\u00f3 que el \u201cuniverso potencial\u201d de personas f\u00edsicas alcanzadas es de 12 mil personas, cerca de 3.000 m\u00e1s que en el c\u00e1lculo inicial de la AFIP, que indicaba que ser\u00edan 9.289.<\/p>\n\n\n\n<p>El cambio se debe a la revaluaci\u00f3n de los bienes en d\u00f3lares, ya que el tope fijado por la ley es a partir de las declaraciones juradas presentadas por los contribuyentes para el per\u00edodo de 2019, y por la devaluaci\u00f3n del a\u00f1o pasado se producir\u00e1 un aumento en la cantidad de personas que deber\u00e1n pagar el tributo por \u00fanica vez.<\/p>\n\n\n\n<p>Por otra parte, el Senado comenz\u00f3 a debatir ayer en la comisi\u00f3n de Presupuesto y Hacienda el proyecto del aporte solidario extraordinario de grandes fortunas, que podr\u00eda obtener dictamen esta semana y ser tratado en el recinto la semana que viene.<\/p>\n\n\n\n<p>El senador oficialista Carlos Caserio confirm\u00f3 que no habr\u00eda cambios.<\/p>\n","protected":false},"excerpt":{"rendered":"<p>&nbsp;El Gobierno recalcul\u00f3 la cantidad de personas alcanzadas por el aporte extraordinario de las grandes fortunas y estim\u00f3 que el \u201cuniverso potencial\u201d de personas f\u00edsicas alcanzadas es de 12 mil personas, cerca de 3.000 m\u00e1s que en el c\u00e1lculo inicial de la AFIP, que indicaba que ser\u00edan 9.289. El cambio se debe a la revaluaci\u00f3n [&hellip;]<\/p>\n","protected":false},"author":2,"featured_media":12117,"comment_status":"open","ping_status":"open","sticky":false,"template":"","format":"standard","meta":{"tdm_status":"","tdm_grid_status":"","_joinchat":[],"footnotes":""},"categories":[73],"tags":[],"class_list":{"0":"post-12116","1":"post","2":"type-post","3":"status-publish","4":"format-standard","5":"has-post-thumbnail","7":"category-noticias-general"},"amp_enabled":true,"_links":{"self":[{"href":"https:\/\/www.todoeldia.com\/index.php\/wp-json\/wp\/v2\/posts\/12116","targetHints":{"allow":["GET"]}}],"collection":[{"href":"https:\/\/www.todoeldia.com\/index.php\/wp-json\/wp\/v2\/posts"}],"about":[{"href":"https:\/\/www.todoeldia.com\/index.php\/wp-json\/wp\/v2\/types\/post"}],"author":[{"embeddable":true,"href":"https:\/\/www.todoeldia.com\/index.php\/wp-json\/wp\/v2\/users\/2"}],"replies":[{"embeddable":true,"href":"https:\/\/www.todoeldia.com\/index.php\/wp-json\/wp\/v2\/comments?post=12116"}],"version-history":[{"count":1,"href":"https:\/\/www.todoeldia.com\/index.php\/wp-json\/wp\/v2\/posts\/12116\/revisions"}],"predecessor-version":[{"id":12118,"href":"https:\/\/www.todoeldia.com\/index.php\/wp-json\/wp\/v2\/posts\/12116\/revisions\/12118"}],"wp:featuredmedia":[{"embeddable":true,"href":"https:\/\/www.todoeldia.com\/index.php\/wp-json\/wp\/v2\/media\/12117"}],"wp:attachment":[{"href":"https:\/\/www.todoeldia.com\/index.php\/wp-json\/wp\/v2\/media?parent=12116"}],"wp:term":[{"taxonomy":"category","embeddable":true,"href":"https:\/\/www.todoeldia.com\/index.php\/wp-json\/wp\/v2\/categories?post=12116"},{"taxonomy":"post_tag","embeddable":true,"href":"https:\/\/www.todoeldia.com\/index.php\/wp-json\/wp\/v2\/tags?post=12116"}],"curies":[{"name":"wp","href":"https:\/\/api.w.org\/{rel}","templated":true}]}}