{"id":12119,"date":"2020-11-25T10:49:56","date_gmt":"2020-11-25T13:49:56","guid":{"rendered":"https:\/\/www.todoeldia.com\/?p=12119"},"modified":"2020-11-25T10:49:58","modified_gmt":"2020-11-25T13:49:58","slug":"formosa-tras-el-fallo-de-la-corte-hoy-comienza-el-ingreso-de-los-8-000-varados","status":"publish","type":"post","link":"https:\/\/www.todoeldia.com\/index.php\/2020\/11\/25\/formosa-tras-el-fallo-de-la-corte-hoy-comienza-el-ingreso-de-los-8-000-varados\/","title":{"rendered":"Formosa: tras el fallo de la Corte, hoy comienza el ingreso de los 8.000 varados"},"content":{"rendered":"\n<p>El gobernador de Formosa, Gildo Insfr\u00e1n, del Frente de Todos, anunci\u00f3 que hoy comenzar\u00e1 el \u201cingreso masivo\u201d de los m\u00e1s de 8.000 ciudadanos y ciudadanas que se encuentran varados y no pudieron regresar a la provincia desde que se desat\u00f3 la pandemia de COVID-19.<\/p>\n\n\n\n<p>La decisi\u00f3n fue adoptada luego de que un fallo de la Corte Suprema de Justicia de la Naci\u00f3n le ordenara a Insfr\u00e1n que autorice el ingreso y garantice las medidas sanitarias para evitar los contagios de coronavirus.<\/p>\n\n\n\n<p>La decisi\u00f3n se concret\u00f3 tras una seguidilla de reclamos y luego de que durante varias semanas el ingreso de los varados se produjera por goteo, ya que el Gobierno provincial dispuso centros de aislamiento para quienes acced\u00edan.<\/p>\n\n\n\n<p>Ahora se ampli\u00f3 la capacidad de los centros de aislamiento, entre los que se encuentran clubes, centros de fomento y escuelas. Las personas deber\u00e1n pasar all\u00ed dos semanas y someterse a hisopados al ingresar y al retirarse para descartar contagios de COVID-19.<\/p>\n","protected":false},"excerpt":{"rendered":"<p>El gobernador de Formosa, Gildo Insfr\u00e1n, del Frente de Todos, anunci\u00f3 que hoy comenzar\u00e1 el \u201cingreso masivo\u201d de los m\u00e1s de 8.000 ciudadanos y ciudadanas que se encuentran varados y no pudieron regresar a la provincia desde que se desat\u00f3 la pandemia de COVID-19. La decisi\u00f3n fue adoptada luego de que un fallo de la [&hellip;]<\/p>\n","protected":false},"author":2,"featured_media":12120,"comment_status":"open","ping_status":"open","sticky":false,"template":"","format":"standard","meta":{"tdm_status":"","tdm_grid_status":"","_joinchat":[],"footnotes":""},"categories":[59],"tags":[],"class_list":{"0":"post-12119","1":"post","2":"type-post","3":"status-publish","4":"format-standard","5":"has-post-thumbnail","7":"category-politica"},"amp_enabled":true,"_links":{"self":[{"href":"https:\/\/www.todoeldia.com\/index.php\/wp-json\/wp\/v2\/posts\/12119","targetHints":{"allow":["GET"]}}],"collection":[{"href":"https:\/\/www.todoeldia.com\/index.php\/wp-json\/wp\/v2\/posts"}],"about":[{"href":"https:\/\/www.todoeldia.com\/index.php\/wp-json\/wp\/v2\/types\/post"}],"author":[{"embeddable":true,"href":"https:\/\/www.todoeldia.com\/index.php\/wp-json\/wp\/v2\/users\/2"}],"replies":[{"embeddable":true,"href":"https:\/\/www.todoeldia.com\/index.php\/wp-json\/wp\/v2\/comments?post=12119"}],"version-history":[{"count":1,"href":"https:\/\/www.todoeldia.com\/index.php\/wp-json\/wp\/v2\/posts\/12119\/revisions"}],"predecessor-version":[{"id":12121,"href":"https:\/\/www.todoeldia.com\/index.php\/wp-json\/wp\/v2\/posts\/12119\/revisions\/12121"}],"wp:featuredmedia":[{"embeddable":true,"href":"https:\/\/www.todoeldia.com\/index.php\/wp-json\/wp\/v2\/media\/12120"}],"wp:attachment":[{"href":"https:\/\/www.todoeldia.com\/index.php\/wp-json\/wp\/v2\/media?parent=12119"}],"wp:term":[{"taxonomy":"category","embeddable":true,"href":"https:\/\/www.todoeldia.com\/index.php\/wp-json\/wp\/v2\/categories?post=12119"},{"taxonomy":"post_tag","embeddable":true,"href":"https:\/\/www.todoeldia.com\/index.php\/wp-json\/wp\/v2\/tags?post=12119"}],"curies":[{"name":"wp","href":"https:\/\/api.w.org\/{rel}","templated":true}]}}