{"id":12308,"date":"2020-11-27T12:51:31","date_gmt":"2020-11-27T15:51:31","guid":{"rendered":"https:\/\/www.todoeldia.com\/?p=12308"},"modified":"2020-11-27T12:51:32","modified_gmt":"2020-11-27T15:51:32","slug":"coronavirus-el-gobierno-quiere-vacunar-350-mil-personas-en-una-primera-etapa","status":"publish","type":"post","link":"https:\/\/www.todoeldia.com\/index.php\/2020\/11\/27\/coronavirus-el-gobierno-quiere-vacunar-350-mil-personas-en-una-primera-etapa\/","title":{"rendered":"Coronavirus: el Gobierno quiere vacunar 350 mil personas en una primera etapa"},"content":{"rendered":"\n<p>En la primera etapa se tiene previsto que reciban las dosis m\u00e1s de 350 mil personas que conforman la poblaci\u00f3n priorizada: personal de salud, de las fuerzas, docentes, mayores de 60 a\u00f1os y personas con factores de riesgos.<\/p>\n\n\n\n<p>El Gobierno trabaja en el dise\u00f1o y la planificaci\u00f3n de la log\u00edstica que demandar\u00e1 la distribuci\u00f3n y aplicaci\u00f3n de las vacunas contra el COVID-19 con las que se espera contar durante los pr\u00f3ximos meses.<\/p>\n\n\n\n<p>El presidente del Comit\u00e9 Operativo de Emergencia, Francisco Aguilar, se reuni\u00f3 con la responsable de Inmunizaciones, Adriana Jure, y los equipos de salud de las \u00e1reas operativas de la Capital para comenzar a delinear los posibles escenarios sobre los que se va a trabajar desde enero, mes en el que el Gobierno nacional, anunci\u00f3 que estar\u00e1n disponibles las primeras dosis contra el COVID-19.<\/p>\n\n\n\n<p>\u201cEste operativo ser\u00e1 muy desafiante por la log\u00edstica y por la conservaci\u00f3n de la cadena fr\u00edo;&nbsp; se pretende vacunar la mayor cantidad de gente en el menor tiempo posible, por lo que se van implementar estrategias para que la inmunizaci\u00f3n no se realice solo en los centros de salud, sino tambi\u00e9n el lugares p\u00fablicos, teniendo en cuenta que estamos en medio de una pandemia, por lo que hay que resguardar las pautas de prevenci\u00f3n\u201d, se\u00f1al\u00f3 Aguilar.<\/p>\n\n\n\n<p>Jure anunci\u00f3 que al no saber cu\u00e1l de las vacunas recibir\u00e1 Salta, se diagraman distintos escenarios, sobre todo teniendo en cuenta la conservaci\u00f3n de las dosis, por lo que se est\u00e1 realizado un relevamiento de los lugares de almacenamientos de fr\u00edo con los que cuentan los centros sanitarios.<\/p>\n\n\n\n<p>Adem\u00e1s, durante el encuentro se inform\u00f3 que los grupos prioritarios que formar\u00e1n parte de la primera etapa de inmunizaci\u00f3n contra el SARS-COV2 son alrededor de 350 mil personas: personal de salud, 20500; seguridad, 22600; mayores de 60 a\u00f1os, 169000; personas de 18 a 59 con factores de riesgos, 100000 y docentes.<\/p>\n\n\n\n<p>Se trabaja en el diagrama de una estrategia \u00fanica para cada lugar, por lo que ya se pidi\u00f3 que cada \u00e1rea operativa de la Provincia vaya armando un micro operativo, teniendo en cuenta la geograf\u00eda y poblaci\u00f3n de cada zona.<\/p>\n\n\n\n<p>Adem\u00e1s se coordina el trabajo con el Ej\u00e9rcito, que ayudar\u00e1n con la log\u00edstica. Se pedir\u00e1 la colaboraci\u00f3n de la Cruz Roja y de la UNSA.&nbsp; \u201cComo en toda vacunaci\u00f3n lo m\u00e1s importante es el recurso humano, la mayor\u00eda de las vacunas est\u00e1n compuestas por 2 dosis, por lo que el trabajo para el personal de salud ser\u00e1 desafiante. La ventaja de la Provincia es que no solo cuenta con los enfermeros para vacunar,&nbsp; sino que los agentes sanitarios tambi\u00e9n lo hacen\u201d, explic\u00f3 Jure.<\/p>\n\n\n\n<p>Finalmente, la funcionaria record\u00f3 que la vacuna no ser\u00e1 obligatoria porque a\u00fan no est\u00e1 en el calendario de vacunaci\u00f3n, \u201cpero siempre recordemos que es mejor prevenir que curar\u201d, concluy\u00f3.<\/p>\n","protected":false},"excerpt":{"rendered":"<p>En la primera etapa se tiene previsto que reciban las dosis m\u00e1s de 350 mil personas que conforman la poblaci\u00f3n priorizada: personal de salud, de las fuerzas, docentes, mayores de 60 a\u00f1os y personas con factores de riesgos. El Gobierno trabaja en el dise\u00f1o y la planificaci\u00f3n de la log\u00edstica que demandar\u00e1 la distribuci\u00f3n y [&hellip;]<\/p>\n","protected":false},"author":2,"featured_media":12309,"comment_status":"open","ping_status":"open","sticky":false,"template":"","format":"standard","meta":{"tdm_status":"","tdm_grid_status":"","_joinchat":[],"footnotes":""},"categories":[65],"tags":[],"class_list":{"0":"post-12308","1":"post","2":"type-post","3":"status-publish","4":"format-standard","5":"has-post-thumbnail","7":"category-coronavirus"},"amp_enabled":true,"_links":{"self":[{"href":"https:\/\/www.todoeldia.com\/index.php\/wp-json\/wp\/v2\/posts\/12308","targetHints":{"allow":["GET"]}}],"collection":[{"href":"https:\/\/www.todoeldia.com\/index.php\/wp-json\/wp\/v2\/posts"}],"about":[{"href":"https:\/\/www.todoeldia.com\/index.php\/wp-json\/wp\/v2\/types\/post"}],"author":[{"embeddable":true,"href":"https:\/\/www.todoeldia.com\/index.php\/wp-json\/wp\/v2\/users\/2"}],"replies":[{"embeddable":true,"href":"https:\/\/www.todoeldia.com\/index.php\/wp-json\/wp\/v2\/comments?post=12308"}],"version-history":[{"count":1,"href":"https:\/\/www.todoeldia.com\/index.php\/wp-json\/wp\/v2\/posts\/12308\/revisions"}],"predecessor-version":[{"id":12310,"href":"https:\/\/www.todoeldia.com\/index.php\/wp-json\/wp\/v2\/posts\/12308\/revisions\/12310"}],"wp:featuredmedia":[{"embeddable":true,"href":"https:\/\/www.todoeldia.com\/index.php\/wp-json\/wp\/v2\/media\/12309"}],"wp:attachment":[{"href":"https:\/\/www.todoeldia.com\/index.php\/wp-json\/wp\/v2\/media?parent=12308"}],"wp:term":[{"taxonomy":"category","embeddable":true,"href":"https:\/\/www.todoeldia.com\/index.php\/wp-json\/wp\/v2\/categories?post=12308"},{"taxonomy":"post_tag","embeddable":true,"href":"https:\/\/www.todoeldia.com\/index.php\/wp-json\/wp\/v2\/tags?post=12308"}],"curies":[{"name":"wp","href":"https:\/\/api.w.org\/{rel}","templated":true}]}}