{"id":12315,"date":"2020-11-27T13:14:07","date_gmt":"2020-11-27T16:14:07","guid":{"rendered":"https:\/\/www.todoeldia.com\/?p=12315"},"modified":"2020-11-27T13:14:08","modified_gmt":"2020-11-27T16:14:08","slug":"una-enfermera-reconocio-que-la-obligaron-a-poner-en-un-informe-que-habia-controlado-a-diego-maradona","status":"publish","type":"post","link":"https:\/\/www.todoeldia.com\/index.php\/2020\/11\/27\/una-enfermera-reconocio-que-la-obligaron-a-poner-en-un-informe-que-habia-controlado-a-diego-maradona\/","title":{"rendered":"Una enfermera reconoci\u00f3 que la \u201cobligaron\u201d a poner en un informe que hab\u00eda controlado a Diego Maradona"},"content":{"rendered":"\n<p>Lo declar\u00f3 ante el fiscal la encargada del turno de la ma\u00f1ana, llamada Gisela, que cambi\u00f3 la guardia con el asistente que dijo que a las 6.30 Diego estaba con vida.<\/p>\n\n\n\n<p>El enfermero que cuid\u00f3 a Diego Armando Maradona (60) durante la noche del martes y la madrugada del mi\u00e9rcoles declar\u00f3 en la causa que antes de irse a las 6.30 de la madrugada, constat\u00f3 que el ex futbolista estaba con vida. A esa declaraci\u00f3n se le sum\u00f3 la de la enfermera que cont\u00f3 que, tras el cambio de guardia, &#8220;promediando las 7:30 lo habr\u00eda escuchado moverse dentro de la habitaci\u00f3n&#8221;.<\/p>\n\n\n\n<p>Ese primer testigo, de nombre Ricardo, se present\u00f3 a declarar ante la fiscal Laura Capra en la Unidad Funcional de Instrucci\u00f3n (UFI) de Benav\u00eddez. Tambi\u00e9n declar\u00f3 el coordinador administrativo del grupo de enfermeros qui\u00e9n expuso acerca de la modalidad del servicio.<\/p>\n\n\n\n<p>Luego, hizo una ampliaci\u00f3n de su declaraci\u00f3n la otra asistente m\u00e9dica, llamada Gisela, que tom\u00f3 el turno de las 6.30 en adelante y detall\u00f3 haber escuchado esos movimientos en la habitaci\u00f3n de Diego a las 7.30. Y admiti\u00f3 un detalle importante: reconoci\u00f3 que la &#8220;obligaron&#8221; a poner en un informe que esa ma\u00f1ana hab\u00eda controlado a Diego, cuando en realidad lo dej\u00f3 descansar.<\/p>\n\n\n\n<figure class=\"wp-block-image size-large is-resized\"><img loading=\"lazy\" decoding=\"async\" src=\"https:\/\/www.todoeldia.com\/wp-content\/uploads\/2020\/11\/ambulancia-maradona.jpg\" alt=\"\" class=\"wp-image-12317\" width=\"1065\" height=\"630\"\/><figcaption>Muerte de Maradona: la primera ambulancia lleg\u00f3 al barrio San Andr\u00e9s a las 12.28 del mi\u00e9rcoles.<\/figcaption><\/figure>\n\n\n\n<p>La declaraci\u00f3n cambia el panorama respecto a que ahora la \u00faltima persona que declar\u00f3 haberlo visto con vida es el enfermero Ricardo a las 6.30 del mi\u00e9rcoles y no su sobrino Johnny Esp\u00f3sito, el hijo de Mary (Mar\u00eda Rosa), que lo hab\u00eda visto a las 23.30 de la noche del martes. Y abre un escenario de interrogantes respecto a las \u00faltimas horas de Maradona y si se sigui\u00f3 el protocolo de cuidados m\u00e9dicos que supuestamente se hab\u00eda montado en esa casa del barrio San Andr\u00e9s.<\/p>\n\n\n\n<p>As\u00ed, los nuevos datos contradicen esas primeras versiones que marcaban que hab\u00edan pasado 12 horas sin que nadie haya asistido a quien era el t\u00e9cnico de Gimnasia y Esgrima La Plata.<\/p>\n\n\n\n<p>Seg\u00fan la data de muerte calculada por el m\u00e9dico forense que hizo la autopsia, Maradona falleci\u00f3 alrededor de las 12 del mi\u00e9rcoles, despu\u00e9s de que a la habitaci\u00f3n ingresaran su psic\u00f3logo Carlos D\u00edaz y su psiquiatra Agustina Cosachov y notaran que no reaccionaba cuando intentaron despertarlo.<\/p>\n\n\n\n<p>Asimismo, se estableci\u00f3 que a las 12:17 horas (a confirmar mediante informe de la empresa prestataria del servicio de telefon\u00eda celular) el secretario personal de Maradona (Maxi Pomargo) requiri\u00f3 servicio de asistencia m\u00e9dica, haci\u00e9ndose presente una ambulancia de la empresa +VIDA a las 12:28, conforme registros f\u00edlmicos del Barrio San Andr\u00e9s.<\/p>\n\n\n\n<p>En los minutos siguientes se observ\u00f3 el ingreso de distintas ambulancias de otras prestadoras de servicios m\u00e9dicos. En la casa del barrio San Andr\u00e9s, del partido de Tigre, adem\u00e1s de Maxi hab\u00eda un empleado contratado para su seguridad f\u00edsica y una cocinera.<\/p>\n\n\n\n<p>Se estableci\u00f3 tambi\u00e9n que a las 12:16 horas se gener\u00f3 un llamado al servicio de emergencias 911 requiriendo una ambulancia, por parte de Leopoldo Luque, cont\u00e1ndose con la grabaci\u00f3n de audio pertinente.<\/p>\n\n\n\n<figure class=\"wp-block-image size-large is-resized\"><img loading=\"lazy\" decoding=\"async\" src=\"https:\/\/www.todoeldia.com\/wp-content\/uploads\/2020\/11\/cortejo-funebre-maradona.jpg\" alt=\"\" class=\"wp-image-12318\" width=\"1065\" height=\"722\"\/><\/figure>\n\n\n\n<p>La orina y la sangre extra\u00eddas en la autopsia de Maradona comenzar\u00e1n a ser analizadas para los ex\u00e1menes toxicol\u00f3gicos ordenados por la Justicia. Las muestras ser\u00e1n remitidas a los laboratorios de la Polic\u00eda Cient\u00edfica de San Mart\u00edn, cuyos expertos ser\u00e1n los encargados de detectar si el ex futbolista ten\u00eda rastros de alcohol o alg\u00fan tipo de droga, f\u00e1rmaco o sustancia t\u00f3xica.<\/p>\n\n\n\n<p>Luego de recibir el alta en la Cl\u00ednica Olivos, Maradona segu\u00eda con la recuperaci\u00f3n de una operaci\u00f3n en la cabeza en una vivienda de San Andr\u00e9s, un barrio privado exclusivo y en pleno desarrollo, ubicado entre Nordelta y el complejo Villanueva, en el l\u00edmite entre Tigre y Escobar.<\/p>\n\n\n\n<p>La casa fue adaptada para que pudiera seguir con su tratamiento tras la operaci\u00f3n por un hematoma subdural cr\u00f3nico en la parte izquierda de su cabeza.<\/p>\n\n\n\n<p>La autopsia arroj\u00f3 que muri\u00f3 como consecuencia de un \u201cedema agudo de pulm\u00f3n secundario a una insuficiencia card\u00edaca cr\u00f3nica reagudizada\u201d y descubri\u00f3 en su coraz\u00f3n una miocardiopat\u00eda dilatada, una patolog\u00eda que produce un agrandamiento de las cavidades del coraz\u00f3n y que tiene m\u00faltiples causas. El coraz\u00f3n de Diego fue preservado para ser estudiado y se comprob\u00f3 que ten\u00eda el doble del tama\u00f1o de uno normal.<\/p>\n","protected":false},"excerpt":{"rendered":"<p>Lo declar\u00f3 ante el fiscal la encargada del turno de la ma\u00f1ana, llamada Gisela, que cambi\u00f3 la guardia con el asistente que dijo que a las 6.30 Diego estaba con vida. El enfermero que cuid\u00f3 a Diego Armando Maradona (60) durante la noche del martes y la madrugada del mi\u00e9rcoles declar\u00f3 en la causa que [&hellip;]<\/p>\n","protected":false},"author":2,"featured_media":12316,"comment_status":"open","ping_status":"open","sticky":false,"template":"","format":"standard","meta":{"tdm_status":"","tdm_grid_status":"","_joinchat":[],"footnotes":""},"categories":[73],"tags":[],"class_list":{"0":"post-12315","1":"post","2":"type-post","3":"status-publish","4":"format-standard","5":"has-post-thumbnail","7":"category-noticias-general"},"amp_enabled":true,"_links":{"self":[{"href":"https:\/\/www.todoeldia.com\/index.php\/wp-json\/wp\/v2\/posts\/12315","targetHints":{"allow":["GET"]}}],"collection":[{"href":"https:\/\/www.todoeldia.com\/index.php\/wp-json\/wp\/v2\/posts"}],"about":[{"href":"https:\/\/www.todoeldia.com\/index.php\/wp-json\/wp\/v2\/types\/post"}],"author":[{"embeddable":true,"href":"https:\/\/www.todoeldia.com\/index.php\/wp-json\/wp\/v2\/users\/2"}],"replies":[{"embeddable":true,"href":"https:\/\/www.todoeldia.com\/index.php\/wp-json\/wp\/v2\/comments?post=12315"}],"version-history":[{"count":1,"href":"https:\/\/www.todoeldia.com\/index.php\/wp-json\/wp\/v2\/posts\/12315\/revisions"}],"predecessor-version":[{"id":12319,"href":"https:\/\/www.todoeldia.com\/index.php\/wp-json\/wp\/v2\/posts\/12315\/revisions\/12319"}],"wp:featuredmedia":[{"embeddable":true,"href":"https:\/\/www.todoeldia.com\/index.php\/wp-json\/wp\/v2\/media\/12316"}],"wp:attachment":[{"href":"https:\/\/www.todoeldia.com\/index.php\/wp-json\/wp\/v2\/media?parent=12315"}],"wp:term":[{"taxonomy":"category","embeddable":true,"href":"https:\/\/www.todoeldia.com\/index.php\/wp-json\/wp\/v2\/categories?post=12315"},{"taxonomy":"post_tag","embeddable":true,"href":"https:\/\/www.todoeldia.com\/index.php\/wp-json\/wp\/v2\/tags?post=12315"}],"curies":[{"name":"wp","href":"https:\/\/api.w.org\/{rel}","templated":true}]}}