{"id":12325,"date":"2020-11-27T13:46:47","date_gmt":"2020-11-27T16:46:47","guid":{"rendered":"https:\/\/www.todoeldia.com\/?p=12325"},"modified":"2020-11-27T13:46:48","modified_gmt":"2020-11-27T16:46:48","slug":"alberto-se-lavo-las-manos-adjudico-la-violencia-en-el-velorio-de-diego-maradona-a-barrabravas-y-apunto-contra-la-policia-de-la-ciudad","status":"publish","type":"post","link":"https:\/\/www.todoeldia.com\/index.php\/2020\/11\/27\/alberto-se-lavo-las-manos-adjudico-la-violencia-en-el-velorio-de-diego-maradona-a-barrabravas-y-apunto-contra-la-policia-de-la-ciudad\/","title":{"rendered":"Alberto se lav\u00f3 las manos:  adjudic\u00f3 la violencia en el velorio de Diego Maradona a \u201cbarrabravas\u201d y apunt\u00f3 contra la Polic\u00eda de la Ciudad"},"content":{"rendered":"\n<p>El Presidente dijo que lograron resolver lo que ocurri\u00f3 en la Casa Rosada y habl\u00f3 de una \u201cincomprensible violencia\u201d de la fuerza porte\u00f1a. Reiter\u00f3 que \u201crespet\u00f3 la decisi\u00f3n de la familia\u201d con la despedida del Diez.<\/p>\n\n\n\n<p>La violencia in\u00e9dita que se vivi\u00f3 dentro mismo de la Casa Rosada durante el velorio de Diego Armando Maradona empa\u00f1\u00f3 la despedida final del mayor \u00eddolo que dio la Argentina. Y, tambi\u00e9n, gener\u00f3 un nuevo contrapunto entre la Naci\u00f3n y la Ciudad de Buenos Aires.<\/p>\n\n\n\n<p>Este viernes, horas despu\u00e9s de que todo finaliz\u00f3, el presidente Alberto Fern\u00e1ndez adjudic\u00f3 los incidentes a barrabravas y admiti\u00f3 que no previeron esa situaci\u00f3n. Pero tambi\u00e9n se sum\u00f3 a las cr\u00edticas a la Ciudad y a la Polic\u00eda porte\u00f1a por lo que se vivi\u00f3 en la avenida 9 de julio.<\/p>\n\n\n\n<p>&#8220;Eso hubiera pasado en cualquier lado si nos encontramos con un grupo de violentos dispuestos a entrar en cualquier lado con la violencia, es muy dif\u00edcil de resolverlo. Sin embargo lo resolvimos sin que haya ning\u00fan herido, ning\u00fan palazo, ninguna bala de goma. Lo resolvimos. Cerramos las puertas, desplegamos la Gendarmer\u00eda&#8221;, afirm\u00f3 Fern\u00e1ndez.<\/p>\n\n\n\n<p>En declaraciones a radio Con Vos, el mandatario esboz\u00f3 una especie de autocr\u00edtica respecto a lo que ocurri\u00f3 en la propia Casa de Gobierno: &#8220;Seguramente debimos haber previsto la presencia de barrabravas. Pero como no tenemos contacto con barrabravas, confiamos mucho en la conciencia social&#8221;, dijo, a la vez que resalt\u00f3 que &#8220;la inmensa mayor\u00eda de los que fueron a despedir a Maradona no participaron de los hechos violentos&#8221;.<\/p>\n\n\n\n<figure class=\"wp-block-image size-large is-resized\"><img loading=\"lazy\" decoding=\"async\" src=\"https:\/\/www.todoeldia.com\/wp-content\/uploads\/2020\/11\/alberto-llega-al-velorio.jpg\" alt=\"\" class=\"wp-image-12327\" width=\"1061\" height=\"705\" srcset=\"https:\/\/www.todoeldia.com\/wp-content\/uploads\/2020\/11\/alberto-llega-al-velorio.jpg 864w, https:\/\/www.todoeldia.com\/wp-content\/uploads\/2020\/11\/alberto-llega-al-velorio-300x199.jpg 300w, https:\/\/www.todoeldia.com\/wp-content\/uploads\/2020\/11\/alberto-llega-al-velorio-768x510.jpg 768w, https:\/\/www.todoeldia.com\/wp-content\/uploads\/2020\/11\/alberto-llega-al-velorio-696x462.jpg 696w, https:\/\/www.todoeldia.com\/wp-content\/uploads\/2020\/11\/alberto-llega-al-velorio-632x420.jpg 632w\" sizes=\"auto, (max-width: 1061px) 100vw, 1061px\" \/><figcaption>Alberto, al llegar junto a Fabiola Y\u00e1\u00f1ez al velorio de Maradona.<\/figcaption><\/figure>\n\n\n\n<p>Pero Fern\u00e1ndez no dej\u00f3 pasar la posibilidad de apuntar contra la Ciudad de Buenos Aires al hablar de los hechos que se vivieron en la avenida 9 de julio y en la avenida de Mayo, cuando se realiz\u00f3 un corte en la larga fila de gente que esperaba para despedir a Maradona.<\/p>\n\n\n\n<p>&#8220;Le ped\u00ed al secretario de Derechos Humanos (Horacio Pietragalla) que investigue. Me parece que hubo una acci\u00f3n desmedida de la Polic\u00eda de la Ciudad, es muy evidente. He visto a un tipo con una bandera al que le tiran una bala de goma a dos metros de distancia, y el tipo est\u00e1 parado con una bandera. Eso es una cosa incomprensible. Es incomprensible esa violencia. Pero eso de ning\u00fan modo dependi\u00f3 de nosotros&#8221;, asever\u00f3.<\/p>\n\n\n\n<p>Agreg\u00f3: &#8220;Le escrib\u00ed a (Horacio, el jefe de Gobierno porte\u00f1o) Rodr\u00edguez Larreta para plantearle que paren con esto. Me dijo que Santilli ya lo estaba arreglando con Cafiero. Nosotros no mandamos a cortar nada&#8221;.<\/p>\n\n\n\n<p>Los hechos que se vivieron en la tarde del jueves, principalmente desde las 14, recorrieron el mundo. Primero, la cantidad de gente que iba ampliando la fila (lleg\u00f3 a haber m\u00e1s de 30 cuadras) anticipaba que el final del velorio de Maradona, previsto originalmente para las 16, iba a generar problemas. No hab\u00eda manera que todas esas personas pudieran ingresar a la capilla ardiente montada en la Casa Rosada.<\/p>\n\n\n\n<p>El ambiente se calde\u00f3 a\u00fan m\u00e1s cuando la Polic\u00eda de la Ciudad realiz\u00f3 un corte en Avenida de Mayo y 9 de julio, a partir del cual no permit\u00eda el ingreso de m\u00e1s personas. All\u00ed se registraron serios incidentes, con piedrazos, botellazos, gases lacrim\u00f3genos, balas de goma y hasta un cami\u00f3n hidrante.<\/p>\n\n\n\n<p>Pero la tensi\u00f3n tambi\u00e9n se traslad\u00f3 a las puertas de la Casa Rosada, cuando los controles cedieron y decenas de personas ingresaron violentamente, lo que oblig\u00f3, primero, a cerrar el paso de gente y, luego, sacar el f\u00e9retro con el cuerpo de Diego Maradona para resguardarlo. Todo termin\u00f3 con un final abrupto de la ceremonia, pese a que en ese momento se hab\u00eda acordado extenderlo hasta las 19 horas.<\/p>\n\n\n\n<p>Fern\u00e1ndez volvi\u00f3 a defender este viernes la decisi\u00f3n de realizar la ceremonia en la Casa Rosada, neg\u00f3 que haya habido un aprovechamiento pol\u00edtico de la muerte del \u00eddolo, pero insisti\u00f3 en que todo fue decisi\u00f3n de la familia.<\/p>\n\n\n\n<p>&#8220;Fue una decisi\u00f3n de la familia, absolutamente leg\u00edtima, respetable, y que yo de ning\u00fan modo iba a violentar. Pero no falta el tonto que dice \u2018c\u00f3mo usaron a Maradona pol\u00edticamente\u2019. No hice nada de eso, respet\u00e9 lo que me pidi\u00f3 la familia. Solo estuve 10 minutos y despu\u00e9s me fui y los dej\u00e9 para que el pueblo argentino pudiera despedirse de Maradona&#8221;, dijo.<\/p>\n\n\n\n<p>Seg\u00fan el Presidente, le ofreci\u00f3 a Claudia Villafa\u00f1e realizar la ceremonia en el estadio de Argentinos Juniors o en la Rosada, y que fue la ex esposa de Maradona la que decidi\u00f3 el lugar.<\/p>\n\n\n\n<p>&#8220;Maradona es un ser humano y quien impone c\u00f3mo celebrar esa ceremonia es la familia. Yo le ofrec\u00ed hacerlo en un lugar abierto, como Argentinos Juniors, o en la Casa de Gobierno. Claudia me dijo que sus hijas y ella cre\u00edan que a Maradona le hubiera gustado que sea en la Casa de Gobierno&#8221;, cont\u00f3.<\/p>\n\n\n\n<figure class=\"wp-block-image size-large is-resized\"><img loading=\"lazy\" decoding=\"async\" src=\"https:\/\/www.todoeldia.com\/wp-content\/uploads\/2020\/11\/incidentes-en-la-rosada-1.jpg\" alt=\"\" class=\"wp-image-12328\" width=\"1066\" height=\"719\"\/><\/figure>\n\n\n\n<p>Tambi\u00e9n insisti\u00f3 con que fue decisi\u00f3n de la familia de que el velorio p\u00fablico finalizara a las 16, aunque cont\u00f3 que junto con Cristina Kirchner y Claudia Villafa\u00f1e, acordaron extenderlo tres horas m\u00e1s.<\/p>\n\n\n\n<p>&#8220;No le atribuyo la m\u00e1s m\u00ednima responsabilidad a la familia, yo solo respet\u00e9 lo que pidieron. Y si la familia decidi\u00f3 que el l\u00edmite era las 4 de la tarde, ese era el l\u00edmite&#8221;, aclar\u00f3.<\/p>\n\n\n\n<p>Tambi\u00e9n, Fern\u00e1ndez dijo que lo que ocurri\u00f3 en el Patio de las Palmeras &#8220;dur\u00f3 entre 5 y 10 minutos, no m\u00e1s&#8221;, y que una vez que se control\u00f3 la situaci\u00f3n, &#8220;la gente se fue tranquilamente&#8221;.<\/p>\n\n\n\n<p>&#8220;Fue imposible (de controlar). Tiraron abajo una puerta de Casa de Gobierno. Hay cosas que se pueden prever pero otras son imposibles cuando asoma la locura en un grupo de personas que tanto da\u00f1o le hacen al f\u00fatbol. Estamos viendo qui\u00e9nes fueron y c\u00f3mo fue que entraron. Todo est\u00e1 grabado&#8221;, explic\u00f3.<\/p>\n\n\n\n<p>Y agreg\u00f3, en ese sentido: &#8220;Eso que pas\u00f3 hubiera pasado en cualquier lado. Si nos encontramos con un grupo de violentos dispuestos de entrar a cualquier lado de cualquier modo, es muy dif\u00edcil de resolver. Es muy dif\u00edcil organizar un evento de esta naturaleza pensando que puede haber 200 energ\u00famenos que hicieron lo que hicieron&#8221;.<\/p>\n\n\n\n<figure class=\"wp-block-image size-large is-resized\"><img loading=\"lazy\" decoding=\"async\" src=\"https:\/\/www.todoeldia.com\/wp-content\/uploads\/2020\/11\/incidente-velorio.jpg\" alt=\"\" class=\"wp-image-12329\" width=\"1062\" height=\"713\"\/><\/figure>\n\n\n\n<p>Consultado sobre el impacto sanitario que pueda tener el velorio en cuanto a los contagios de coronavirus, el Presidente lament\u00f3: &#8220;Yo ponder\u00e9 esto y me preocup\u00f3. El mi\u00e9rcoles vi la escena de la llegada del cuerpo de Maradona a la casa de sepelios y la gente se sub\u00eda a la camioneta de la Polic\u00eda. Ayer fue impresionante ver a la gente subida a las autopistas&#8221;.<\/p>\n\n\n\n<p>&#8220;Queda claro que Maradona genera una suerte de desborde popular que nos excede a todos. El Gobierno no tiene nada que ver con lo que pas\u00f3 en La Paternal en la casa de sepelios ni con la gente amontonada en los puentes para ver pasar el coche f\u00fanebre. Maradona nos excede a todos y a todas nuestras previsiones&#8221;, reflexion\u00f3.<\/p>\n","protected":false},"excerpt":{"rendered":"<p>El Presidente dijo que lograron resolver lo que ocurri\u00f3 en la Casa Rosada y habl\u00f3 de una \u201cincomprensible violencia\u201d de la fuerza porte\u00f1a. Reiter\u00f3 que \u201crespet\u00f3 la decisi\u00f3n de la familia\u201d con la despedida del Diez. La violencia in\u00e9dita que se vivi\u00f3 dentro mismo de la Casa Rosada durante el velorio de Diego Armando Maradona [&hellip;]<\/p>\n","protected":false},"author":2,"featured_media":12326,"comment_status":"open","ping_status":"open","sticky":false,"template":"","format":"standard","meta":{"tdm_status":"","tdm_grid_status":"","_joinchat":[],"footnotes":""},"categories":[73],"tags":[],"class_list":{"0":"post-12325","1":"post","2":"type-post","3":"status-publish","4":"format-standard","5":"has-post-thumbnail","7":"category-noticias-general"},"amp_enabled":true,"_links":{"self":[{"href":"https:\/\/www.todoeldia.com\/index.php\/wp-json\/wp\/v2\/posts\/12325","targetHints":{"allow":["GET"]}}],"collection":[{"href":"https:\/\/www.todoeldia.com\/index.php\/wp-json\/wp\/v2\/posts"}],"about":[{"href":"https:\/\/www.todoeldia.com\/index.php\/wp-json\/wp\/v2\/types\/post"}],"author":[{"embeddable":true,"href":"https:\/\/www.todoeldia.com\/index.php\/wp-json\/wp\/v2\/users\/2"}],"replies":[{"embeddable":true,"href":"https:\/\/www.todoeldia.com\/index.php\/wp-json\/wp\/v2\/comments?post=12325"}],"version-history":[{"count":1,"href":"https:\/\/www.todoeldia.com\/index.php\/wp-json\/wp\/v2\/posts\/12325\/revisions"}],"predecessor-version":[{"id":12330,"href":"https:\/\/www.todoeldia.com\/index.php\/wp-json\/wp\/v2\/posts\/12325\/revisions\/12330"}],"wp:featuredmedia":[{"embeddable":true,"href":"https:\/\/www.todoeldia.com\/index.php\/wp-json\/wp\/v2\/media\/12326"}],"wp:attachment":[{"href":"https:\/\/www.todoeldia.com\/index.php\/wp-json\/wp\/v2\/media?parent=12325"}],"wp:term":[{"taxonomy":"category","embeddable":true,"href":"https:\/\/www.todoeldia.com\/index.php\/wp-json\/wp\/v2\/categories?post=12325"},{"taxonomy":"post_tag","embeddable":true,"href":"https:\/\/www.todoeldia.com\/index.php\/wp-json\/wp\/v2\/tags?post=12325"}],"curies":[{"name":"wp","href":"https:\/\/api.w.org\/{rel}","templated":true}]}}