{"id":12331,"date":"2020-11-27T13:56:47","date_gmt":"2020-11-27T16:56:47","guid":{"rendered":"https:\/\/www.todoeldia.com\/?p=12331"},"modified":"2020-11-27T13:56:48","modified_gmt":"2020-11-27T16:56:48","slug":"denuncian-a-alberto-fernandez-por-organizar-el-velorio-de-diego-maradona-en-casa-rosada","status":"publish","type":"post","link":"https:\/\/www.todoeldia.com\/index.php\/2020\/11\/27\/denuncian-a-alberto-fernandez-por-organizar-el-velorio-de-diego-maradona-en-casa-rosada\/","title":{"rendered":"Denuncian a Alberto Fern\u00e1ndez por organizar el velorio de Diego Maradona en Casa Rosada"},"content":{"rendered":"\n<p>El velorio de Diego Maradona en Casa Rosada sigue gener\u00e1ndole dolores de cabeza al gobierno nacional. Despu\u00e9s de los incidentes en la Avenida 9 de Julio, que provocaron cruces con el gobierno porte\u00f1o, y de los desmanes dentro de Balcarce 50, ahora el presidente Alberto Fern\u00e1ndez fue denunciado por la organizaci\u00f3n del evento que, seg\u00fan los denunciantes, viol\u00f3 las &#8220;normas sanitarias&#8221; de la cuarentena e incurri\u00f3 en &#8220;abuso de autoridad&#8221;.<\/p>\n\n\n\n<p>La denuncia fue presentada por el abogado Yamil Santoro y el polit\u00f3logo Antonio Fratamico, ambos dirigentes&nbsp;de la coalici\u00f3n Republicanos Unidos, espacio liberal que encabezan Ricardo L\u00f3pez Murphy y Dar\u00edo Lop\u00e9rfido. El expediente recay\u00f3 en el Juzgado Criminal y Correccional Federal 2<\/p>\n\n\n\n<p>&#8220;El 25 de noviembre de 2020, el denunciado ofreci\u00f3 las instalaciones de la Casa Rosada a la familia de Diego Armando Maradona, para que se realizara en dicho edificio p\u00fablico, el velatorio del fallecido futbolista. La actual situaci\u00f3n sanitaria que atraviesa la Ciudad de Buenos Aires ha obligado a las autoridades nacionales a establecer el Distanciamiento Social Preventivo y Obligatorio (DISPO) situaci\u00f3n que exige, fundamentalmente, una determinada distancia f\u00edsica entre los individuos y la utilizaci\u00f3n de barbijos&#8221;, afirmaron en la presentaci\u00f3n judicial.<\/p>\n\n\n\n<p>&#8220;La realizaci\u00f3n de un velatorio de concurrencia masiva en la Casa Rosada, Plaza de Mayo y sus inmediaciones resultaba, ya antes de la convocatoria, una actividad incompatible con el Distanciamiento Social Preventivo y Obligatorio (DISPO). Esta previsi\u00f3n resulta inexcusable para cualquier persona que conozca la cultura argentina, su relaci\u00f3n con el f\u00fatbol, las barras bravas y dem\u00e1s elementos marginales que rodean eventos populares de estas caracter\u00edsticas. Y m\u00e1s a\u00fan para quienes tienen responsabilidades de gobierno. Como era de esperar, la convocatoria en cuesti\u00f3n ha significado una vulneraci\u00f3n masiva del Distanciamiento Social Preventivo y Obligatorio&#8221;, agregaron.<\/p>\n\n\n\n<p>Santoro argument\u00f3 que el velorio en Casa Rosada&nbsp;&#8220;ha vulnerado el principio de igualdad ante la ley (art. 16 de la Constituci\u00f3n Nacional) al conferir a la familia del destacado futbolista un trato diferente, en materia de velatorios, que el que recibe \u2013normas sanitarias mediante- cualquier otra familia argentina que sufre el fallecimiento de un ser querido&#8221;.<\/p>\n\n\n\n<p><\/p>\n","protected":false},"excerpt":{"rendered":"<p>El velorio de Diego Maradona en Casa Rosada sigue gener\u00e1ndole dolores de cabeza al gobierno nacional. Despu\u00e9s de los incidentes en la Avenida 9 de Julio, que provocaron cruces con el gobierno porte\u00f1o, y de los desmanes dentro de Balcarce 50, ahora el presidente Alberto Fern\u00e1ndez fue denunciado por la organizaci\u00f3n del evento que, seg\u00fan [&hellip;]<\/p>\n","protected":false},"author":2,"featured_media":12333,"comment_status":"open","ping_status":"open","sticky":false,"template":"","format":"standard","meta":{"tdm_status":"","tdm_grid_status":"","_joinchat":[],"footnotes":""},"categories":[73],"tags":[],"class_list":{"0":"post-12331","1":"post","2":"type-post","3":"status-publish","4":"format-standard","5":"has-post-thumbnail","7":"category-noticias-general"},"amp_enabled":true,"_links":{"self":[{"href":"https:\/\/www.todoeldia.com\/index.php\/wp-json\/wp\/v2\/posts\/12331","targetHints":{"allow":["GET"]}}],"collection":[{"href":"https:\/\/www.todoeldia.com\/index.php\/wp-json\/wp\/v2\/posts"}],"about":[{"href":"https:\/\/www.todoeldia.com\/index.php\/wp-json\/wp\/v2\/types\/post"}],"author":[{"embeddable":true,"href":"https:\/\/www.todoeldia.com\/index.php\/wp-json\/wp\/v2\/users\/2"}],"replies":[{"embeddable":true,"href":"https:\/\/www.todoeldia.com\/index.php\/wp-json\/wp\/v2\/comments?post=12331"}],"version-history":[{"count":1,"href":"https:\/\/www.todoeldia.com\/index.php\/wp-json\/wp\/v2\/posts\/12331\/revisions"}],"predecessor-version":[{"id":12334,"href":"https:\/\/www.todoeldia.com\/index.php\/wp-json\/wp\/v2\/posts\/12331\/revisions\/12334"}],"wp:featuredmedia":[{"embeddable":true,"href":"https:\/\/www.todoeldia.com\/index.php\/wp-json\/wp\/v2\/media\/12333"}],"wp:attachment":[{"href":"https:\/\/www.todoeldia.com\/index.php\/wp-json\/wp\/v2\/media?parent=12331"}],"wp:term":[{"taxonomy":"category","embeddable":true,"href":"https:\/\/www.todoeldia.com\/index.php\/wp-json\/wp\/v2\/categories?post=12331"},{"taxonomy":"post_tag","embeddable":true,"href":"https:\/\/www.todoeldia.com\/index.php\/wp-json\/wp\/v2\/tags?post=12331"}],"curies":[{"name":"wp","href":"https:\/\/api.w.org\/{rel}","templated":true}]}}