{"id":12453,"date":"2020-11-29T21:16:34","date_gmt":"2020-11-30T00:16:34","guid":{"rendered":"https:\/\/www.todoeldia.com\/?p=12453"},"modified":"2020-11-29T21:16:35","modified_gmt":"2020-11-30T00:16:35","slug":"coronavirus-confirmaron-5432-casos-nuevos-y-151-fallecidos-en-las-ultimas-24-horas","status":"publish","type":"post","link":"https:\/\/www.todoeldia.com\/index.php\/2020\/11\/29\/coronavirus-confirmaron-5432-casos-nuevos-y-151-fallecidos-en-las-ultimas-24-horas\/","title":{"rendered":"Coronavirus: confirmaron 5432 casos nuevos y 151 fallecidos en las \u00faltimas 24 horas"},"content":{"rendered":"\n<p>El Ministerio de Salud inform\u00f3 que la cantidad de contagios desde que comenz\u00f3 la pandemia ascendi\u00f3 a 1.418.807 y las personas que murieron suman 38.473.<\/p>\n\n\n\n<p>El ministerio de Salud inform\u00f3 este domingo que en las \u00faltimas 24 horas hubo 5432 casos nuevos de coronavirus en todo el pa\u00eds y que en total fallecieron 151 personas. Con estos nuevos datos, el total de contagiados desde que comenz\u00f3 la pandemia ascendi\u00f3 a 1.418.807 y las personas que murieron suman 38.473.<\/p>\n\n\n\n<p>Por otra parte, en el \u00faltimo d\u00eda fueron realizados 17.338 testeos y desde el inicio del brote se realizaron 3.873.231 pruebas diagn\u00f3sticas para esta enfermedad, lo que equivale a 85.357 muestras por mill\u00f3n de habitantes.<\/p>\n\n\n\n<p>En tanto, hay 4013 casos de covid-19 que est\u00e1n internados en Terapia Intensiva. En lo que respecta al porcentaje de ocupaci\u00f3n, en toda la Argentina es del 56,2%, mientras que en el AMBA es del 59,8%.<\/p>\n\n\n\n<p>De los contagios que se informaron este domingo, 868 son de la provincia de Buenos Aires, 217 de la Ciudad Aut\u00f3noma de Buenos Aires, 37 de Catamarca, 163 de Chaco, 114 de Chubut, 1.130 de Corrientes, 427 de C\u00f3rdoba, 174 de Entre R\u00edos, 2 de Jujuy, 61 de La Pampa, 26 de La Rioja, 47 de Mendoza, 2 de Misiones, 122 de Neuqu\u00e9n, 108 de R\u00edo Negro,, 28 de Salta, 65 de San Juan, 192 de San Luis, 211 de Santa Cruz, 1004 de Santa Fe, 151 de Santiago del Estero, 83 de Tierra del Fuego y 200 de Tucum\u00e1n.<\/p>\n\n\n\n<p>El \u00faltimo viernes el presidente Alberto Fern\u00e1ndez afirm\u00f3 que \u201cla pandemia est\u00e1 lejos de haber sido radicada\u201d y advirti\u00f3 que \u201ctenemos que seguir adelante con el esfuerzo que estamos haciendo, sabiendo que el problema no ha sido superado\u201d. Sin embargo, anunci\u00f3 que se termina el aislamiento en todo el pa\u00eds, excepto en las ciudades de Bariloche (R\u00edo Negro) y Puerto Deseado (Santa Cruz).<\/p>\n\n\n\n<p>En lo que respecta a la pr\u00f3xima etapa de vacunaci\u00f3n, sostuvo que buscar\u00e1n vacunar \u201centre enero y marzo\u201d a 13 millones de personas.&nbsp; \u201cEso significa alrededor del 25% de los habitantes de Argentina. Si logramos eso, podremos enfrentar la segunda ola de tal modo que los que tienen factores de riesgo est\u00e9n inmunizados al momento de llegar el oto\u00f1o\u201d, resalt\u00f3 Fern\u00e1ndez.<\/p>\n\n\n\n<p>El Presidente indic\u00f3 que \u201chasta el 20 de diciembre\u201d van a \u201cmantener el aislamiento sanitario s\u00f3lo en Bariloche y Puerto Deseado\u201d y se\u00f1al\u00f3: \u201cEstamos viendo c\u00f3mo construir junto a los gobernadores la infraestructura necesaria para poder pensar en vacunar a todas las personas en riesgo entre los meses de enero y febrero. De modo tal que cuando el oto\u00f1o llegue, toda la poblaci\u00f3n en riesgo est\u00e9 inmunizada a trav\u00e9s de la vacuna\u201d.<\/p>\n\n\n\n<p>Adem\u00e1s, asegur\u00f3 que est\u00e1n avanzadas las negociaciones \u201ccon todos los proveedores de vacunas\u201d y cont\u00f3 que el Gobierno est\u00e1 \u201cavanzando con Naciones Unidas y la Organizaci\u00f3n Mundial de la Salud (OMS), a trav\u00e9s del Covax, all\u00ed la Argentina invirti\u00f3 m\u00e1s de 30 millones de d\u00f3lares para prepagar las vacunas\u201d.<\/p>\n","protected":false},"excerpt":{"rendered":"<p>El Ministerio de Salud inform\u00f3 que la cantidad de contagios desde que comenz\u00f3 la pandemia ascendi\u00f3 a 1.418.807 y las personas que murieron suman 38.473. El ministerio de Salud inform\u00f3 este domingo que en las \u00faltimas 24 horas hubo 5432 casos nuevos de coronavirus en todo el pa\u00eds y que en total fallecieron 151 personas. [&hellip;]<\/p>\n","protected":false},"author":2,"featured_media":12454,"comment_status":"open","ping_status":"open","sticky":false,"template":"","format":"standard","meta":{"tdm_status":"","tdm_grid_status":"","_joinchat":[],"footnotes":""},"categories":[65],"tags":[],"class_list":{"0":"post-12453","1":"post","2":"type-post","3":"status-publish","4":"format-standard","5":"has-post-thumbnail","7":"category-coronavirus"},"amp_enabled":true,"_links":{"self":[{"href":"https:\/\/www.todoeldia.com\/index.php\/wp-json\/wp\/v2\/posts\/12453","targetHints":{"allow":["GET"]}}],"collection":[{"href":"https:\/\/www.todoeldia.com\/index.php\/wp-json\/wp\/v2\/posts"}],"about":[{"href":"https:\/\/www.todoeldia.com\/index.php\/wp-json\/wp\/v2\/types\/post"}],"author":[{"embeddable":true,"href":"https:\/\/www.todoeldia.com\/index.php\/wp-json\/wp\/v2\/users\/2"}],"replies":[{"embeddable":true,"href":"https:\/\/www.todoeldia.com\/index.php\/wp-json\/wp\/v2\/comments?post=12453"}],"version-history":[{"count":1,"href":"https:\/\/www.todoeldia.com\/index.php\/wp-json\/wp\/v2\/posts\/12453\/revisions"}],"predecessor-version":[{"id":12455,"href":"https:\/\/www.todoeldia.com\/index.php\/wp-json\/wp\/v2\/posts\/12453\/revisions\/12455"}],"wp:featuredmedia":[{"embeddable":true,"href":"https:\/\/www.todoeldia.com\/index.php\/wp-json\/wp\/v2\/media\/12454"}],"wp:attachment":[{"href":"https:\/\/www.todoeldia.com\/index.php\/wp-json\/wp\/v2\/media?parent=12453"}],"wp:term":[{"taxonomy":"category","embeddable":true,"href":"https:\/\/www.todoeldia.com\/index.php\/wp-json\/wp\/v2\/categories?post=12453"},{"taxonomy":"post_tag","embeddable":true,"href":"https:\/\/www.todoeldia.com\/index.php\/wp-json\/wp\/v2\/tags?post=12453"}],"curies":[{"name":"wp","href":"https:\/\/api.w.org\/{rel}","templated":true}]}}