{"id":12702,"date":"2020-12-02T15:05:22","date_gmt":"2020-12-02T18:05:22","guid":{"rendered":"https:\/\/www.todoeldia.com\/?p=12702"},"modified":"2020-12-02T15:05:23","modified_gmt":"2020-12-02T18:05:23","slug":"siguen-los-casos-de-coronavirus-y-ahora-aparecio-de-nuevo-el-dengue","status":"publish","type":"post","link":"https:\/\/www.todoeldia.com\/index.php\/2020\/12\/02\/siguen-los-casos-de-coronavirus-y-ahora-aparecio-de-nuevo-el-dengue\/","title":{"rendered":"Siguen los casos de coronavirus y ahora apareci\u00f3 de nuevo el dengue"},"content":{"rendered":"\n<p>Las personas a las que se les confirmaron los diagn\u00f3sticos son residentes de la Colonia Santa Rosa y no tienen antecedentes de viaje. Un caso fue confirmado por PCR en laboratorio y el otro por nexo epidemiol\u00f3gico. La enfermedad viral es del serotipo 1, que prevaleci\u00f3 en el \u00faltimo per\u00edodo de vigilancia.<\/p>\n\n\n\n<p>El Ministerio de Salud P\u00fablica informa los dos primeros casos positivos de dengue en la provincia. Uno fue confirmado por laboratorio y el otro por nexo epidemiol\u00f3gico. Se trata de dos personas oriundas de la Colonia Santa Rosa que pertenecen al mismo grupo familiar y no tienen antecedentes de viaje.<\/p>\n\n\n\n<p>Los pacientes fueron identificados el viernes 27 en el operativo DETECTAR Plus. Al ser testeados, dieron positivo al estudio de dosaje estructural NS1 para medir la prote\u00edna del virus del dengue. Anoche se confirm\u00f3 la positividad a trav\u00e9s de un estudio m\u00e1s complejo, mediante la t\u00e9cnica de PCR.<\/p>\n\n\n\n<p>El serotipo detectado en las personas positivas es dengue 1, el mismo que circul\u00f3 en la provincia durante el periodo de vigilancia 2019-2020.<\/p>\n\n\n\n<p>El jefe del programa de Vigilancia Epidemiol\u00f3gica, Francisco Garc\u00eda Campos, dijo que, tras el trabajo realizado en territorio sumado al resultado de las pruebas de laboratorio, \u201cpodemos confirmar los dos primeros casos de dengue en la provincia\u201d.<\/p>\n\n\n\n<p>Adem\u00e1s, el funcionario explic\u00f3 que la hip\u00f3tesis que maneja Epidemiolog\u00eda -al ver el mismo serotipo del \u00faltimo periodo de vigilancia- \u201cse puede asumir que fue transmisi\u00f3n transov\u00e1rica, es decir, que los mosquitos se infectaron por huevos ya infectados, dado que, hasta el momento, no existen casos importados en la zona\u201d.<\/p>\n\n\n\n<p>Garc\u00eda Campos destac\u00f3 el trabajo del personal de salud local para captar el paciente sintom\u00e1tico y que, en menos de 24 horas, se obtuvieron los resultados del test NS1 para realizar los bloqueos pertinentes.<\/p>\n\n\n\n<p>Respecto al trabajo articulado, el profesional indic\u00f3 que existe un convenio que realiz\u00f3 el Gobierno provincial con cada municipio sobre el descacharrado, efectores que se encargan de vigilar manzanas t\u00e9cnicas y acciones de prevenci\u00f3n que consisten en ir domicilio por domicilio, capacitando a las familias, sellando el pozo ciego, y realizando el saneamiento ambiental correspondiente.<\/p>\n","protected":false},"excerpt":{"rendered":"<p>Las personas a las que se les confirmaron los diagn\u00f3sticos son residentes de la Colonia Santa Rosa y no tienen antecedentes de viaje. Un caso fue confirmado por PCR en laboratorio y el otro por nexo epidemiol\u00f3gico. La enfermedad viral es del serotipo 1, que prevaleci\u00f3 en el \u00faltimo per\u00edodo de vigilancia. El Ministerio de [&hellip;]<\/p>\n","protected":false},"author":2,"featured_media":12703,"comment_status":"open","ping_status":"open","sticky":false,"template":"","format":"standard","meta":{"tdm_status":"","tdm_grid_status":"","_joinchat":[],"footnotes":""},"categories":[73],"tags":[],"class_list":{"0":"post-12702","1":"post","2":"type-post","3":"status-publish","4":"format-standard","5":"has-post-thumbnail","7":"category-noticias-general"},"amp_enabled":true,"_links":{"self":[{"href":"https:\/\/www.todoeldia.com\/index.php\/wp-json\/wp\/v2\/posts\/12702","targetHints":{"allow":["GET"]}}],"collection":[{"href":"https:\/\/www.todoeldia.com\/index.php\/wp-json\/wp\/v2\/posts"}],"about":[{"href":"https:\/\/www.todoeldia.com\/index.php\/wp-json\/wp\/v2\/types\/post"}],"author":[{"embeddable":true,"href":"https:\/\/www.todoeldia.com\/index.php\/wp-json\/wp\/v2\/users\/2"}],"replies":[{"embeddable":true,"href":"https:\/\/www.todoeldia.com\/index.php\/wp-json\/wp\/v2\/comments?post=12702"}],"version-history":[{"count":1,"href":"https:\/\/www.todoeldia.com\/index.php\/wp-json\/wp\/v2\/posts\/12702\/revisions"}],"predecessor-version":[{"id":12704,"href":"https:\/\/www.todoeldia.com\/index.php\/wp-json\/wp\/v2\/posts\/12702\/revisions\/12704"}],"wp:featuredmedia":[{"embeddable":true,"href":"https:\/\/www.todoeldia.com\/index.php\/wp-json\/wp\/v2\/media\/12703"}],"wp:attachment":[{"href":"https:\/\/www.todoeldia.com\/index.php\/wp-json\/wp\/v2\/media?parent=12702"}],"wp:term":[{"taxonomy":"category","embeddable":true,"href":"https:\/\/www.todoeldia.com\/index.php\/wp-json\/wp\/v2\/categories?post=12702"},{"taxonomy":"post_tag","embeddable":true,"href":"https:\/\/www.todoeldia.com\/index.php\/wp-json\/wp\/v2\/tags?post=12702"}],"curies":[{"name":"wp","href":"https:\/\/api.w.org\/{rel}","templated":true}]}}