{"id":13675,"date":"2020-12-14T19:37:08","date_gmt":"2020-12-14T22:37:08","guid":{"rendered":"https:\/\/www.todoeldia.com\/?p=13675"},"modified":"2020-12-14T19:37:09","modified_gmt":"2020-12-14T22:37:09","slug":"un-nino-murio-por-sindrome-uremico-hemolitico-y-segun-su-madre-fue-por-comer-un-pancho-en-mal-estado","status":"publish","type":"post","link":"https:\/\/www.todoeldia.com\/index.php\/2020\/12\/14\/un-nino-murio-por-sindrome-uremico-hemolitico-y-segun-su-madre-fue-por-comer-un-pancho-en-mal-estado\/","title":{"rendered":"Un ni\u00f1o muri\u00f3 por s\u00edndrome ur\u00e9mico hemol\u00edtico y seg\u00fan su madre fue por comer un pancho en mal estado"},"content":{"rendered":"\n<p>Una madre public\u00f3 en Facebook que su hijo de cuatro a\u00f1os falleci\u00f3 luego de estar internado un mes por comer un pancho en mal estado.<\/p>\n\n\n\n<p>Dijo que luego de comer empez\u00f3 con dolor de panza, diarrea y v\u00f3mito y desde el hospital de La Merced fue derivado e internado en el Hospital Materno Infantil.<\/p>\n\n\n\n<p>El ni\u00f1o de cuatro a\u00f1os falleci\u00f3 el pasado 11 de diciembre y en el centro asistencial le hab\u00edan diagnosticado s\u00edndrome ur\u00e9mico hemol\u00edtico.<\/p>\n\n\n\n<p>La madre coment\u00f3 que cuando comenz\u00f3 a sentirse mal lo llev\u00f3 al hospital de La merced donde le pusieron un calmante y no mejor\u00f3. Al otro d\u00eda lo llevo de nuevo al establecimiento asistencial donde le colocaron suero y de nuevo los mandaron a la casa con su hijo que no paraba de llorar por el dolor.<\/p>\n\n\n\n<p>De nuevo en el hospital al d\u00eda siguiente, reci\u00e9n deciden derivarlo a Salta y cuando llegaron lo revisaron le sacaron sangre, y le hicieron an\u00e1lisis de orina y materia fecal.<\/p>\n\n\n\n<p>Los m\u00e9dicos informaron que al ni\u00f1o lo afectaron dos bacterias, adenovirus y rotavirus que provienen de alimentos en mal estado.<\/p>\n\n\n\n<p>En pocos d\u00edas el menor estuvo an\u00e9mico, con desnutrici\u00f3n y un cuadro renal agudo y le tuvieron que empezar a hacer di\u00e1lisis.<\/p>\n\n\n\n<p>Ya en terapia, tuvo neumon\u00eda lo que le complic\u00f3 m\u00e1s el deteriorado estado de salud que le provocara luego la muerte.<\/p>\n","protected":false},"excerpt":{"rendered":"<p>Una madre public\u00f3 en Facebook que su hijo de cuatro a\u00f1os falleci\u00f3 luego de estar internado un mes por comer un pancho en mal estado. Dijo que luego de comer empez\u00f3 con dolor de panza, diarrea y v\u00f3mito y desde el hospital de La Merced fue derivado e internado en el Hospital Materno Infantil. El [&hellip;]<\/p>\n","protected":false},"author":2,"featured_media":13676,"comment_status":"open","ping_status":"open","sticky":false,"template":"","format":"standard","meta":{"tdm_status":"","tdm_grid_status":"","_joinchat":[],"footnotes":""},"categories":[73],"tags":[],"class_list":{"0":"post-13675","1":"post","2":"type-post","3":"status-publish","4":"format-standard","5":"has-post-thumbnail","7":"category-noticias-general"},"amp_enabled":true,"_links":{"self":[{"href":"https:\/\/www.todoeldia.com\/index.php\/wp-json\/wp\/v2\/posts\/13675","targetHints":{"allow":["GET"]}}],"collection":[{"href":"https:\/\/www.todoeldia.com\/index.php\/wp-json\/wp\/v2\/posts"}],"about":[{"href":"https:\/\/www.todoeldia.com\/index.php\/wp-json\/wp\/v2\/types\/post"}],"author":[{"embeddable":true,"href":"https:\/\/www.todoeldia.com\/index.php\/wp-json\/wp\/v2\/users\/2"}],"replies":[{"embeddable":true,"href":"https:\/\/www.todoeldia.com\/index.php\/wp-json\/wp\/v2\/comments?post=13675"}],"version-history":[{"count":1,"href":"https:\/\/www.todoeldia.com\/index.php\/wp-json\/wp\/v2\/posts\/13675\/revisions"}],"predecessor-version":[{"id":13677,"href":"https:\/\/www.todoeldia.com\/index.php\/wp-json\/wp\/v2\/posts\/13675\/revisions\/13677"}],"wp:featuredmedia":[{"embeddable":true,"href":"https:\/\/www.todoeldia.com\/index.php\/wp-json\/wp\/v2\/media\/13676"}],"wp:attachment":[{"href":"https:\/\/www.todoeldia.com\/index.php\/wp-json\/wp\/v2\/media?parent=13675"}],"wp:term":[{"taxonomy":"category","embeddable":true,"href":"https:\/\/www.todoeldia.com\/index.php\/wp-json\/wp\/v2\/categories?post=13675"},{"taxonomy":"post_tag","embeddable":true,"href":"https:\/\/www.todoeldia.com\/index.php\/wp-json\/wp\/v2\/tags?post=13675"}],"curies":[{"name":"wp","href":"https:\/\/api.w.org\/{rel}","templated":true}]}}