{"id":13744,"date":"2020-12-15T17:05:34","date_gmt":"2020-12-15T20:05:34","guid":{"rendered":"https:\/\/www.todoeldia.com\/?p=13744"},"modified":"2020-12-15T17:05:35","modified_gmt":"2020-12-15T20:05:35","slug":"por-la-grave-crisis-economica-el-75-de-los-portenos-dice-que-no-se-ira-de-vacaciones","status":"publish","type":"post","link":"https:\/\/www.todoeldia.com\/index.php\/2020\/12\/15\/por-la-grave-crisis-economica-el-75-de-los-portenos-dice-que-no-se-ira-de-vacaciones\/","title":{"rendered":"Por la grave crisis econ\u00f3mica, el 75% de los porte\u00f1os dice que no se ir\u00e1 de vacaciones"},"content":{"rendered":"\n<p>La&nbsp;<strong>crisis econ\u00f3mica q<\/strong>ue profundiz\u00f3 la&nbsp;<strong>pandemia de Covid-19<\/strong>&nbsp;impact\u00f3 con dureza en las finanzas de las familias y en la&nbsp;<strong>Ciudad de Buenos Aires<\/strong>, el&nbsp;<strong>75%<\/strong>&nbsp;de los consultados en una encuesta asegura que&nbsp;<strong>no planea irse de vacaciones<\/strong>.<\/p>\n\n\n\n<p>As\u00ed lo se\u00f1ala el \u00edndice de&nbsp;<strong>&#8220;Calidad de vida durante la crisis del COVID-19&#8221;<\/strong>, elaborado por el Observatorio Gente en Movimiento, que coordina diputada nacional por la Ciudad del Frente de Todos Gisela Marziotta.<\/p>\n\n\n\n<p>Seg\u00fan esta encuesta, solo\u00a0<strong>17%<\/strong>\u00a0de los porte\u00f1os consultado dijo que se ir\u00e1 de vacaciones en el\u00a0<strong>verano 2020\/2021<\/strong>, mientras que en la temporada pasada se fue el\u00a0<strong>57%<\/strong>\u00a0de las personas que se consultaron.<\/p>\n\n\n\n<p>Un&nbsp;<strong>8%<\/strong>&nbsp;respondi\u00f3 que a\u00fan no sabe si podr\u00e1 irse de vacaciones afuera de la Capital Federal dado que est\u00e1 evaluando sus posibilidades econ\u00f3mica, dado que la crisis afect\u00f3 los bolsillos de las familias.<\/p>\n\n\n\n<p>&#8220;En t\u00e9rminos globales, el&nbsp;<strong>75% de los habitantes de Buenos Aires encuestados asegur\u00f3 se quedar\u00e1 en la Ciudad<\/strong>, con la consecuente presi\u00f3n que eso representa sobre los espacios verdes disponibles&#8221;, dice el informe.<\/p>\n\n\n\n<p>A su vez, entre quienes no se ir\u00e1n de vacaciones este verano, el&nbsp;<strong>42%<\/strong>&nbsp;consider\u00f3 insuficientes los espacios de ocio y esparcimiento para pasar el verano en la Ciudad.<\/p>\n\n\n\n<p>Estos datos se complementan con el informe anterior del&nbsp;<strong>Observatorio<\/strong>, el cual se\u00f1alaba que el&nbsp;<strong>47%<\/strong>&nbsp;de los vecinos de la Capital Federal considera insuficientes los espacios verdes de su barrio.<\/p>\n\n\n\n<p>Esta carencia es a\u00fan m\u00e1s fuerte en la zona centro de la Ciudad, donde el&nbsp;<strong>58%<\/strong>&nbsp;de sus vecinos as\u00ed lo cree.<\/p>\n\n\n\n<p>El informe dice que la cantidad de espacios verdes tampoco est\u00e1 correctamente distribuida. En la Ciudad conviven comunas con tan solo 20 o 40 cent\u00edmetros por habitante, como las comunas 3 y 5, otras como la 1 y la 8 tienen 18 y 14 metros cuadrados por habitante, respectivamente.<br>El \u00fanico sector d\u00f3nde crecieron los espacios verdes fue en la zona norte de la Ciudad, mientras que en la zona centro la cantidad de hect\u00e1reas disminuy\u00f3 un 5%, seg\u00fan el informe.<\/p>\n","protected":false},"excerpt":{"rendered":"<p>La&nbsp;crisis econ\u00f3mica que profundiz\u00f3 la&nbsp;pandemia de Covid-19&nbsp;impact\u00f3 con dureza en las finanzas de las familias y en la&nbsp;Ciudad de Buenos Aires, el&nbsp;75%&nbsp;de los consultados en una encuesta asegura que&nbsp;no planea irse de vacaciones. As\u00ed lo se\u00f1ala el \u00edndice de&nbsp;&#8220;Calidad de vida durante la crisis del COVID-19&#8221;, elaborado por el Observatorio Gente en Movimiento, que coordina [&hellip;]<\/p>\n","protected":false},"author":2,"featured_media":13745,"comment_status":"open","ping_status":"open","sticky":false,"template":"","format":"standard","meta":{"tdm_status":"","tdm_grid_status":"","_joinchat":[],"footnotes":""},"categories":[73],"tags":[],"class_list":{"0":"post-13744","1":"post","2":"type-post","3":"status-publish","4":"format-standard","5":"has-post-thumbnail","7":"category-noticias-general"},"amp_enabled":true,"_links":{"self":[{"href":"https:\/\/www.todoeldia.com\/index.php\/wp-json\/wp\/v2\/posts\/13744","targetHints":{"allow":["GET"]}}],"collection":[{"href":"https:\/\/www.todoeldia.com\/index.php\/wp-json\/wp\/v2\/posts"}],"about":[{"href":"https:\/\/www.todoeldia.com\/index.php\/wp-json\/wp\/v2\/types\/post"}],"author":[{"embeddable":true,"href":"https:\/\/www.todoeldia.com\/index.php\/wp-json\/wp\/v2\/users\/2"}],"replies":[{"embeddable":true,"href":"https:\/\/www.todoeldia.com\/index.php\/wp-json\/wp\/v2\/comments?post=13744"}],"version-history":[{"count":1,"href":"https:\/\/www.todoeldia.com\/index.php\/wp-json\/wp\/v2\/posts\/13744\/revisions"}],"predecessor-version":[{"id":13746,"href":"https:\/\/www.todoeldia.com\/index.php\/wp-json\/wp\/v2\/posts\/13744\/revisions\/13746"}],"wp:featuredmedia":[{"embeddable":true,"href":"https:\/\/www.todoeldia.com\/index.php\/wp-json\/wp\/v2\/media\/13745"}],"wp:attachment":[{"href":"https:\/\/www.todoeldia.com\/index.php\/wp-json\/wp\/v2\/media?parent=13744"}],"wp:term":[{"taxonomy":"category","embeddable":true,"href":"https:\/\/www.todoeldia.com\/index.php\/wp-json\/wp\/v2\/categories?post=13744"},{"taxonomy":"post_tag","embeddable":true,"href":"https:\/\/www.todoeldia.com\/index.php\/wp-json\/wp\/v2\/tags?post=13744"}],"curies":[{"name":"wp","href":"https:\/\/api.w.org\/{rel}","templated":true}]}}