{"id":13756,"date":"2020-12-15T21:00:18","date_gmt":"2020-12-16T00:00:18","guid":{"rendered":"https:\/\/www.todoeldia.com\/?p=13756"},"modified":"2020-12-15T21:00:19","modified_gmt":"2020-12-16T00:00:19","slug":"internaron-a-carlos-menem","status":"publish","type":"post","link":"https:\/\/www.todoeldia.com\/index.php\/2020\/12\/15\/internaron-a-carlos-menem\/","title":{"rendered":"Internaron a Carlos Menem"},"content":{"rendered":"\n<p>El ex presidente Carlos Menem fue internado este martes luego de que se descompensara en su casa en la ciudad de Buenos Aires, donde vive desde que tuvo problemas de salud.<\/p>\n\n\n\n<p>En julio pasado, Menem hab\u00eda recibido el alta m\u00e9dica tras haber estado internado en dos ocasiones: primero debi\u00f3 permanecer durante 15 d\u00edas en el Instituto del Diagn\u00f3stico y Tratamiento por una neumon\u00eda bilateral. Sin embargo, a las pocas horas tuvo que ser hospitalizado nuevamente por sufrir un cuadro de debilidad muscular y baja saturaci\u00f3n de ox\u00edgeno en sangre.<\/p>\n\n\n\n<p>Con el pasar de las jornadas, su salud fue mejorando. Luis De la Fuente, m\u00e9dico personal del ex mandatario, en su momento hab\u00eda explicado que \u201cla salud del ex presidente est\u00e1 bien, mejor\u00f3 mucho su cuadro luego de la neumon\u00eda que tuvo\u201d, sostuvo en declaraciones a la agencia de noticias T\u00e9lam y aclar\u00f3 que la afecci\u00f3n \u201cest\u00e1 controlada igual que los niveles cardiol\u00f3gicos y de diabetes\u201d.<\/p>\n\n\n\n<p><\/p>\n","protected":false},"excerpt":{"rendered":"<p>El ex presidente Carlos Menem fue internado este martes luego de que se descompensara en su casa en la ciudad de Buenos Aires, donde vive desde que tuvo problemas de salud. En julio pasado, Menem hab\u00eda recibido el alta m\u00e9dica tras haber estado internado en dos ocasiones: primero debi\u00f3 permanecer durante 15 d\u00edas en el [&hellip;]<\/p>\n","protected":false},"author":2,"featured_media":13757,"comment_status":"open","ping_status":"open","sticky":false,"template":"","format":"standard","meta":{"tdm_status":"","tdm_grid_status":"","_joinchat":[],"footnotes":""},"categories":[73],"tags":[],"class_list":{"0":"post-13756","1":"post","2":"type-post","3":"status-publish","4":"format-standard","5":"has-post-thumbnail","7":"category-noticias-general"},"amp_enabled":true,"_links":{"self":[{"href":"https:\/\/www.todoeldia.com\/index.php\/wp-json\/wp\/v2\/posts\/13756","targetHints":{"allow":["GET"]}}],"collection":[{"href":"https:\/\/www.todoeldia.com\/index.php\/wp-json\/wp\/v2\/posts"}],"about":[{"href":"https:\/\/www.todoeldia.com\/index.php\/wp-json\/wp\/v2\/types\/post"}],"author":[{"embeddable":true,"href":"https:\/\/www.todoeldia.com\/index.php\/wp-json\/wp\/v2\/users\/2"}],"replies":[{"embeddable":true,"href":"https:\/\/www.todoeldia.com\/index.php\/wp-json\/wp\/v2\/comments?post=13756"}],"version-history":[{"count":1,"href":"https:\/\/www.todoeldia.com\/index.php\/wp-json\/wp\/v2\/posts\/13756\/revisions"}],"predecessor-version":[{"id":13758,"href":"https:\/\/www.todoeldia.com\/index.php\/wp-json\/wp\/v2\/posts\/13756\/revisions\/13758"}],"wp:featuredmedia":[{"embeddable":true,"href":"https:\/\/www.todoeldia.com\/index.php\/wp-json\/wp\/v2\/media\/13757"}],"wp:attachment":[{"href":"https:\/\/www.todoeldia.com\/index.php\/wp-json\/wp\/v2\/media?parent=13756"}],"wp:term":[{"taxonomy":"category","embeddable":true,"href":"https:\/\/www.todoeldia.com\/index.php\/wp-json\/wp\/v2\/categories?post=13756"},{"taxonomy":"post_tag","embeddable":true,"href":"https:\/\/www.todoeldia.com\/index.php\/wp-json\/wp\/v2\/tags?post=13756"}],"curies":[{"name":"wp","href":"https:\/\/api.w.org\/{rel}","templated":true}]}}