{"id":13778,"date":"2020-12-16T09:32:33","date_gmt":"2020-12-16T12:32:33","guid":{"rendered":"https:\/\/www.todoeldia.com\/?p=13778"},"modified":"2020-12-16T09:32:34","modified_gmt":"2020-12-16T12:32:34","slug":"tres-detenidos-e-imputados-por-el-asesinato-de-un-joven-de-20-anos","status":"publish","type":"post","link":"https:\/\/www.todoeldia.com\/index.php\/2020\/12\/16\/tres-detenidos-e-imputados-por-el-asesinato-de-un-joven-de-20-anos\/","title":{"rendered":"Tres detenidos e imputados por el asesinato de un joven de 20 a\u00f1os"},"content":{"rendered":"\n<p>Tres hombres fueron detenidos e imputados por el homicidio de un joven de 20 a\u00f1os. Uno de los detenidos es t\u00edo de la v\u00edctima. Desde la Fiscal\u00eda se solicit\u00f3 que se mantenga su detenci\u00f3n, mientras se completan diversas medidas solicitadas.<\/p>\n\n\n\n<p>La fiscal penal de Joaqu\u00edn V. Gonz\u00e1lez, Mar\u00eda Celeste Garc\u00eda Pisacic, imput\u00f3 a Manuel Fernando Orellana, Alberto Fidel Villa y Gustavo Samuel Villa por el delito de homicidio calificado por el concurso premeditado de dos o m\u00e1s personas en perjuicio de Roberto Wilfredo Romero.<\/p>\n\n\n\n<p>El hecho ocurri\u00f3 el pasado s\u00e1bado en barrio El Obraje de Apolinario Saravia, donde por motivos que se tratan de establecer, Orellana, (t\u00edo de la v\u00edctima), junto a los hermanos Villa, atacaron a Romero y cuando \u00e9ste se encontraba en el piso, fue apu\u00f1alado con un cuchillo tipo carnicero.<\/p>\n\n\n\n<p>Fue asistido y falleci\u00f3 luego por shock hipovol\u00e9mico por heridas de arma blanca.<\/p>\n\n\n\n<p>Se tomaron los primeros testimonios y se logr\u00f3 secuestrar el arma blanca con la que se habr\u00eda producido el homicidio.<\/p>\n\n\n\n<p>Desde la Fiscal\u00eda, se solicit\u00f3 al Juzgado de Garant\u00edas interviniente, que se mantenga la detenci\u00f3n de los tres acusados, mientras se completan las diversas medidas solicitadas para el esclarecimiento del hecho.<\/p>\n","protected":false},"excerpt":{"rendered":"<p>Tres hombres fueron detenidos e imputados por el homicidio de un joven de 20 a\u00f1os. Uno de los detenidos es t\u00edo de la v\u00edctima. Desde la Fiscal\u00eda se solicit\u00f3 que se mantenga su detenci\u00f3n, mientras se completan diversas medidas solicitadas. La fiscal penal de Joaqu\u00edn V. Gonz\u00e1lez, Mar\u00eda Celeste Garc\u00eda Pisacic, imput\u00f3 a Manuel Fernando [&hellip;]<\/p>\n","protected":false},"author":2,"featured_media":13780,"comment_status":"open","ping_status":"open","sticky":false,"template":"","format":"standard","meta":{"tdm_status":"","tdm_grid_status":"","_joinchat":[],"footnotes":""},"categories":[63],"tags":[],"class_list":{"0":"post-13778","1":"post","2":"type-post","3":"status-publish","4":"format-standard","5":"has-post-thumbnail","7":"category-policiales"},"amp_enabled":true,"_links":{"self":[{"href":"https:\/\/www.todoeldia.com\/index.php\/wp-json\/wp\/v2\/posts\/13778","targetHints":{"allow":["GET"]}}],"collection":[{"href":"https:\/\/www.todoeldia.com\/index.php\/wp-json\/wp\/v2\/posts"}],"about":[{"href":"https:\/\/www.todoeldia.com\/index.php\/wp-json\/wp\/v2\/types\/post"}],"author":[{"embeddable":true,"href":"https:\/\/www.todoeldia.com\/index.php\/wp-json\/wp\/v2\/users\/2"}],"replies":[{"embeddable":true,"href":"https:\/\/www.todoeldia.com\/index.php\/wp-json\/wp\/v2\/comments?post=13778"}],"version-history":[{"count":1,"href":"https:\/\/www.todoeldia.com\/index.php\/wp-json\/wp\/v2\/posts\/13778\/revisions"}],"predecessor-version":[{"id":13781,"href":"https:\/\/www.todoeldia.com\/index.php\/wp-json\/wp\/v2\/posts\/13778\/revisions\/13781"}],"wp:featuredmedia":[{"embeddable":true,"href":"https:\/\/www.todoeldia.com\/index.php\/wp-json\/wp\/v2\/media\/13780"}],"wp:attachment":[{"href":"https:\/\/www.todoeldia.com\/index.php\/wp-json\/wp\/v2\/media?parent=13778"}],"wp:term":[{"taxonomy":"category","embeddable":true,"href":"https:\/\/www.todoeldia.com\/index.php\/wp-json\/wp\/v2\/categories?post=13778"},{"taxonomy":"post_tag","embeddable":true,"href":"https:\/\/www.todoeldia.com\/index.php\/wp-json\/wp\/v2\/tags?post=13778"}],"curies":[{"name":"wp","href":"https:\/\/api.w.org\/{rel}","templated":true}]}}