{"id":13782,"date":"2020-12-16T09:49:51","date_gmt":"2020-12-16T12:49:51","guid":{"rendered":"https:\/\/www.todoeldia.com\/?p=13782"},"modified":"2020-12-16T09:49:52","modified_gmt":"2020-12-16T12:49:52","slug":"fueron-a-pasar-el-dia-al-dique-ella-le-pidio-que-dejara-de-tomar-y-la-agredio-a-trompadas","status":"publish","type":"post","link":"https:\/\/www.todoeldia.com\/index.php\/2020\/12\/16\/fueron-a-pasar-el-dia-al-dique-ella-le-pidio-que-dejara-de-tomar-y-la-agredio-a-trompadas\/","title":{"rendered":"Fueron a pasar el d\u00eda al dique, ella le pidi\u00f3 que dejara de tomar y la agredi\u00f3 a trompadas"},"content":{"rendered":"\n<p>En un juicio abreviado llevado a cabo en la Sala IV, Luis Enzo Javier Raspa Ibarra (24) fue condenado a prisi\u00f3n condicional con cumplimiento de reglas de conducta por un hecho ocurrido en el camping El Pr\u00e9stamo del dique Cabra Corral. Durante la audiencia, el imputado reconoci\u00f3 ser autor de los delitos por los cuales lleg\u00f3 a juicio.<\/p>\n\n\n\n<p>La denunciante refiri\u00f3 que la noche del hecho, Raspa Ibarra, en aparente estado de ebriedad, se enoj\u00f3 cuando ella le pidi\u00f3 que deje de consumir bebidas alcoh\u00f3licas. Seguidamente la agredi\u00f3 con un golpe de pu\u00f1o en la cabeza, provoc\u00e1ndole lesiones que fueron constatadas.<\/p>\n\n\n\n<p>Asimismo, el imputado le manifest\u00f3: \u201cA m\u00ed la cana no me hace nada. Yo entro cuatro horas y salgo. Te voy a cagar matando a vos, a tu madre y a tu hermano\u201d.<\/p>\n\n\n\n<p>Raspa Ibarra fue condenado a seis meses de prisi\u00f3n condicional por los delitos de lesiones leves agravadas por la relaci\u00f3n de pareja preexistente y por mediar violencia de g\u00e9nero, amenazas y desobediencia judicial, en concurso ideal.<\/p>\n","protected":false},"excerpt":{"rendered":"<p>En un juicio abreviado llevado a cabo en la Sala IV, Luis Enzo Javier Raspa Ibarra (24) fue condenado a prisi\u00f3n condicional con cumplimiento de reglas de conducta por un hecho ocurrido en el camping El Pr\u00e9stamo del dique Cabra Corral. Durante la audiencia, el imputado reconoci\u00f3 ser autor de los delitos por los cuales [&hellip;]<\/p>\n","protected":false},"author":2,"featured_media":13783,"comment_status":"open","ping_status":"open","sticky":false,"template":"","format":"standard","meta":{"tdm_status":"","tdm_grid_status":"","_joinchat":[],"footnotes":""},"categories":[63],"tags":[],"class_list":{"0":"post-13782","1":"post","2":"type-post","3":"status-publish","4":"format-standard","5":"has-post-thumbnail","7":"category-policiales"},"amp_enabled":true,"_links":{"self":[{"href":"https:\/\/www.todoeldia.com\/index.php\/wp-json\/wp\/v2\/posts\/13782","targetHints":{"allow":["GET"]}}],"collection":[{"href":"https:\/\/www.todoeldia.com\/index.php\/wp-json\/wp\/v2\/posts"}],"about":[{"href":"https:\/\/www.todoeldia.com\/index.php\/wp-json\/wp\/v2\/types\/post"}],"author":[{"embeddable":true,"href":"https:\/\/www.todoeldia.com\/index.php\/wp-json\/wp\/v2\/users\/2"}],"replies":[{"embeddable":true,"href":"https:\/\/www.todoeldia.com\/index.php\/wp-json\/wp\/v2\/comments?post=13782"}],"version-history":[{"count":1,"href":"https:\/\/www.todoeldia.com\/index.php\/wp-json\/wp\/v2\/posts\/13782\/revisions"}],"predecessor-version":[{"id":13784,"href":"https:\/\/www.todoeldia.com\/index.php\/wp-json\/wp\/v2\/posts\/13782\/revisions\/13784"}],"wp:featuredmedia":[{"embeddable":true,"href":"https:\/\/www.todoeldia.com\/index.php\/wp-json\/wp\/v2\/media\/13783"}],"wp:attachment":[{"href":"https:\/\/www.todoeldia.com\/index.php\/wp-json\/wp\/v2\/media?parent=13782"}],"wp:term":[{"taxonomy":"category","embeddable":true,"href":"https:\/\/www.todoeldia.com\/index.php\/wp-json\/wp\/v2\/categories?post=13782"},{"taxonomy":"post_tag","embeddable":true,"href":"https:\/\/www.todoeldia.com\/index.php\/wp-json\/wp\/v2\/tags?post=13782"}],"curies":[{"name":"wp","href":"https:\/\/api.w.org\/{rel}","templated":true}]}}